{"id":5687,"date":"2018-12-08T19:43:45","date_gmt":"2018-12-08T17:43:45","guid":{"rendered":"https:\/\/centers.ulbsibiu.ro\/ccsprise\/lact\/?p=5687"},"modified":"2018-12-08T19:43:45","modified_gmt":"2018-12-08T17:43:45","slug":"publika-md-ministrul-ulianovschi-conflictul-transnistrean-poate-fi-solutionat-doar-prin-retragerea-trupelor-rusesti-din-tara","status":"publish","type":"post","link":"https:\/\/centers.ulbsibiu.ro\/ccsprise\/lact\/publika-md-ministrul-ulianovschi-conflictul-transnistrean-poate-fi-solutionat-doar-prin-retragerea-trupelor-rusesti-din-tara\/","title":{"rendered":"Publika.md &#8211; Ministrul Ulianovschi: Conflictul transnistrean poate fi solu\u0163ionat doar prin retragerea trupelor ruse\u015fti din \u0163ar\u0103"},"content":{"rendered":"<p>Conflictul transnistrean poate fi solu\u0163ionat doar prin retragerea trupelor ruse\u015fti sta\u0163ionate ilegal pe teritoriul Republicii Moldova \u015fi prin \u00eenlocuirea trupelor de pacificatori cu o misiune civil\u0103 interna\u0163ional\u0103. Declara\u0163ia \u00eei apar\u0163ine ministrul de Externe, Tudor Ulianovschi, prezent la reuniunea Consiliului Ministerial al OSCE din Italia.<\/p>\n<p>&#8220;Consider\u0103m c\u0103 este important s\u0103 ajungem la un acord privind retragerea complet\u0103 \u015fi necondi\u0163ionat\u0103 a trupelor ruse de pe teritoriul Republicii Moldova \u015fi transformarea actualei opera\u0163iuni de pacificare \u00eentr-o misiune civil\u0103 multina\u0163ional\u0103, sub mandat interna\u0163ional. Suntem convin\u015fi c\u0103 doar astfel putem contribui la eliminarea unor amenin\u0163\u0103ri serioase la adresa securit\u0103\u0163ii \u00een regiune&#8221;, a declarat\u00a0Tudor Ulianovschi, ministrul Afacerilor Externe al Republicii Moldova.<\/p>\n<p>Ulianovschi a trecut \u00een revist\u0103 m\u0103surile adoptate de \u0163ara noastr\u0103 \u00een direc\u0163ia detension\u0103rii situa\u0163iei.<\/p>\n<p>&#8220;\u00cen ultima perioad\u0103 ne-am concentrat pe rezolvarea problemelor popula\u0163iei din zona de conflict, \u00een special, dreptul la educa\u0163ie, la proprietate, la libera circula\u0163ie, dar \u015fi altele. Suntem ferm convin\u015fi c\u0103 aceste m\u0103suri de sporire a \u00eencrederii \u0219i de sprijinire a popula\u021biei vor contribui la apropierea ambelor maluri ale Nistrului \u015fi vor crea un mediu propice negocierilor privind solu\u0163ionarea conflictului&#8221;, a declarat\u00a0Tudor Ulianovschi,\u00a0ministrul Afacerilor Externe al Republicii Moldova.<\/p>\n<p>Statele membre OSCE au salutat eforturile depuse de guvernarea de la Chi\u015fin\u0103u \u015fi rezultatele ob\u0163inute p\u00e2n\u0103 acum \u00een dosarul transnistrean.<\/p>\n<p>&#8220;Rom\u00e2nia apreciaz\u0103 progresele Republicii Moldova privind solu\u0163ionarea conflictului transnistrean \u015fi face apel la ambele p\u0103r\u0163i s\u0103 continue negocierile pentru a ob\u0163ine rezultate concrete. Misiunea OSCE are un mandat clar cu privire la solu\u0163ionarea conflictului: retragerea for\u0163elor str\u0103ine \u015fi \u00eendep\u0103rtarea muni\u0163iilor&#8221;, a spus\u00a0Dan Sebastian Nicol\u0103escu, secretar de stat din cadrul MAE, Rom\u00e2nia.<\/p>\n<p>ONU a adoptat anul trecut o rezolu\u0163ie prin care cere retragerea complet\u0103 \u015fi necondi\u0163ionat\u0103 a for\u0163elor militare str\u0103ine \u015fi a muni\u0163iilor sta\u0163ionate ilegal pe teritoriul Republicii Moldova. Divizia armatei ruse din Tiraspol face parte din fosta armat\u0103 a 14 a URSS. Unitatea care sta\u0163ioneaz\u0103 \u00een Transnistria s-a implicat activ \u00een conflictul de la Nistru din 1992, de partea separati\u015ftilor din Tiraspol. \u00cen regiune se afl\u0103 \u015fi depozitul de armament de la Cobasna, unde se estimeaz\u0103 c\u0103 au mai r\u0103mas peste 20 de mii de tone de muni\u0163ii \u015fi arme.<\/p>\n<p>Cite\u0219te mai mult: <a href=\"https:\/\/www.publika.md\/ministrul-ulianovschi-conflictul-transnistrean-poate-fi-solutionat-doar-prin-retragerea-trupelor-rusesti-din-tara_3027812.html#ixzz5Z7DyUdPm\">https:\/\/www.publika.md\/ministrul-ulianovschi-conflictul-transnistrean-poate-fi-solutionat-doar-prin-retragerea-trupelor-rusesti-din-tara_3027812.html#ixzz5Z7DyUdPm<\/a><br \/>\nFollow us: <a href=\"https:\/\/ec.tynt.com\/b\/rw?id=dWcNF856Wr5OkPrkHcnlKl&amp;u=publikatv\" target=\"_blank\" rel=\"noopener\">@publikatv on Twitter<\/a> | <a href=\"https:\/\/ec.tynt.com\/b\/rf?id=dWcNF856Wr5OkPrkHcnlKl&amp;u=publika.md\" target=\"_blank\" rel=\"noopener\">publika.md on Facebook<\/a><\/p>\n","protected":false},"excerpt":{"rendered":"<p>Conflictul transnistrean poate fi solu\u0163ionat doar prin retragerea trupelor ruse\u015fti sta\u0163ionate ilegal pe teritoriul Republicii Moldova \u015fi prin \u00eenlocuirea trupelor de pacificatori cu o misiune civil\u0103 interna\u0163ional\u0103. Declara\u0163ia \u00eei apar\u0163ine ministrul de Externe, Tudor Ulianovschi, prezent la reuniunea Consiliului Ministerial al OSCE din Italia. &#8220;Consider\u0103m c\u0103 este important s\u0103 ajungem la un acord privind retragerea&#8230;<\/p>\n","protected":false},"author":2,"featured_media":0,"comment_status":"closed","ping_status":"open","sticky":false,"template":"","format":"standard","meta":[],"categories":[1],"tags":[],"_links":{"self":[{"href":"https:\/\/centers.ulbsibiu.ro\/ccsprise\/lact\/wp-json\/wp\/v2\/posts\/5687"}],"collection":[{"href":"https:\/\/centers.ulbsibiu.ro\/ccsprise\/lact\/wp-json\/wp\/v2\/posts"}],"about":[{"href":"https:\/\/centers.ulbsibiu.ro\/ccsprise\/lact\/wp-json\/wp\/v2\/types\/post"}],"author":[{"embeddable":true,"href":"https:\/\/centers.ulbsibiu.ro\/ccsprise\/lact\/wp-json\/wp\/v2\/users\/2"}],"replies":[{"embeddable":true,"href":"https:\/\/centers.ulbsibiu.ro\/ccsprise\/lact\/wp-json\/wp\/v2\/comments?post=5687"}],"version-history":[{"count":1,"href":"https:\/\/centers.ulbsibiu.ro\/ccsprise\/lact\/wp-json\/wp\/v2\/posts\/5687\/revisions"}],"predecessor-version":[{"id":5688,"href":"https:\/\/centers.ulbsibiu.ro\/ccsprise\/lact\/wp-json\/wp\/v2\/posts\/5687\/revisions\/5688"}],"wp:attachment":[{"href":"https:\/\/centers.ulbsibiu.ro\/ccsprise\/lact\/wp-json\/wp\/v2\/media?parent=5687"}],"wp:term":[{"taxonomy":"category","embeddable":true,"href":"https:\/\/centers.ulbsibiu.ro\/ccsprise\/lact\/wp-json\/wp\/v2\/categories?post=5687"},{"taxonomy":"post_tag","embeddable":true,"href":"https:\/\/centers.ulbsibiu.ro\/ccsprise\/lact\/wp-json\/wp\/v2\/tags?post=5687"}],"curies":[{"name":"wp","href":"https:\/\/api.w.org\/{rel}","templated":true}]}}