{"id":5682,"date":"2018-12-08T19:31:17","date_gmt":"2018-12-08T17:31:17","guid":{"rendered":"https:\/\/centers.ulbsibiu.ro\/ccsprise\/lact\/?p=5682"},"modified":"2018-12-08T19:31:17","modified_gmt":"2018-12-08T17:31:17","slug":"radiochisinau-md-reprezentantul-special-al-osce-franco-frattini-neaga-rolul-de-participant-al-rusiei-in-conflictul-din-transnistria","status":"publish","type":"post","link":"https:\/\/centers.ulbsibiu.ro\/ccsprise\/lact\/radiochisinau-md-reprezentantul-special-al-osce-franco-frattini-neaga-rolul-de-participant-al-rusiei-in-conflictul-din-transnistria\/","title":{"rendered":"Radiochisinau.md &#8211; Reprezentantul special al OSCE, Franco Frattini, neag\u0103 rolul de participant al Rusiei \u00een conflictul din Transnistria"},"content":{"rendered":"<p class=\"story-body__introduction\">Reprezentantul special al pre\u0219edin\u021biei Italiei \u00een exerci\u021biu a OSCE, Franco Frattini, sus\u021bine c\u0103 Federa\u021bia Rus\u0103 nu ar fi parte a conflictului transnistrean, ci doar un mediator, component\u0103 din formatul \u201e5+2\u201d.<\/p>\n<div class=\"articleContent\">\n<p>Declara\u021bia a fost f\u0103cut\u0103 \u00eentr-un interviu pentru agen\u021bia rus\u0103 <a href=\"https:\/\/ria.ru\/20181207\/1547573284.html\" target=\"_blank\" rel=\"noopener\">RIA \u201eNovosti\u201d<\/a>.<\/p>\n<p>\u201eVreau s\u0103 subliniez c\u0103 nici Federa\u021bia Rus\u0103 \u0219i nici Ucraina nu sunt p\u0103r\u021bi ale conflictului transnistrean. Cele dou\u0103 \u021b\u0103ri au rolul de mediatori, care particip\u0103 \u00een formatul \u201e5+2\u201d. La r\u00e2ndul s\u0103u, rolul OSCE const\u0103 \u00een a coordona lucrul comun. \u00cen acela\u0219i timp, este important ca ambele p\u0103r\u021bi \u2013 \u0219i Chi\u0219in\u0103ul, \u0219i Tiraspolul \u2013 s\u0103 coopereze\u201d, a declarat Franco Frattini.<\/p>\n<p>El a afirmat c\u0103 Federa\u021bia Rus\u0103 ar fi \u201econtribuit major la ob\u021binerea unor rezultate concrete \u00een reglementarea moldo-transnistrean\u0103\u201d.<\/p>\n<p>Men\u021bion\u0103m c\u0103 Rusia a fost recunoscut\u0103 parte a conflictului transnistrean prin acordul de \u00eencetare a focului, semnat \u00een 1992 \u00eentre pre\u0219edin\u021bii Boris El\u0163\u00een \u015fi Mircea Snegur, afirm\u0103 exper\u021bii, dar \u0219i prin numeroase decizii ale CEDO, pronun\u021bate \u00een dosare ce privesc situa\u021bia din regiunea transnistrean\u0103 \u0219i prezen\u021ba armatei ruse \u00een regiunea sepratist\u0103 din st\u00e2nga Nistrului.<\/p>\n<p>Sursa:\u00a0<a href=\"https:\/\/radiochisinau.md\/reprezentantul-special-al-osce-franco-frattini-neaga-rolul-de-participant-al-rusiei-in-conflictul-din-transnistria---79143.html\">https:\/\/radiochisinau.md\/<\/a><\/p>\n<\/div>\n","protected":false},"excerpt":{"rendered":"<p>Reprezentantul special al pre\u0219edin\u021biei Italiei \u00een exerci\u021biu a OSCE, Franco Frattini, sus\u021bine c\u0103 Federa\u021bia Rus\u0103 nu ar fi parte a conflictului transnistrean, ci doar un mediator, component\u0103 din formatul \u201e5+2\u201d. Declara\u021bia a fost f\u0103cut\u0103 \u00eentr-un interviu pentru agen\u021bia rus\u0103 RIA \u201eNovosti\u201d. \u201eVreau s\u0103 subliniez c\u0103 nici Federa\u021bia Rus\u0103 \u0219i nici Ucraina nu sunt p\u0103r\u021bi ale&#8230;<\/p>\n","protected":false},"author":2,"featured_media":0,"comment_status":"closed","ping_status":"open","sticky":false,"template":"","format":"standard","meta":[],"categories":[1],"tags":[],"_links":{"self":[{"href":"https:\/\/centers.ulbsibiu.ro\/ccsprise\/lact\/wp-json\/wp\/v2\/posts\/5682"}],"collection":[{"href":"https:\/\/centers.ulbsibiu.ro\/ccsprise\/lact\/wp-json\/wp\/v2\/posts"}],"about":[{"href":"https:\/\/centers.ulbsibiu.ro\/ccsprise\/lact\/wp-json\/wp\/v2\/types\/post"}],"author":[{"embeddable":true,"href":"https:\/\/centers.ulbsibiu.ro\/ccsprise\/lact\/wp-json\/wp\/v2\/users\/2"}],"replies":[{"embeddable":true,"href":"https:\/\/centers.ulbsibiu.ro\/ccsprise\/lact\/wp-json\/wp\/v2\/comments?post=5682"}],"version-history":[{"count":1,"href":"https:\/\/centers.ulbsibiu.ro\/ccsprise\/lact\/wp-json\/wp\/v2\/posts\/5682\/revisions"}],"predecessor-version":[{"id":5683,"href":"https:\/\/centers.ulbsibiu.ro\/ccsprise\/lact\/wp-json\/wp\/v2\/posts\/5682\/revisions\/5683"}],"wp:attachment":[{"href":"https:\/\/centers.ulbsibiu.ro\/ccsprise\/lact\/wp-json\/wp\/v2\/media?parent=5682"}],"wp:term":[{"taxonomy":"category","embeddable":true,"href":"https:\/\/centers.ulbsibiu.ro\/ccsprise\/lact\/wp-json\/wp\/v2\/categories?post=5682"},{"taxonomy":"post_tag","embeddable":true,"href":"https:\/\/centers.ulbsibiu.ro\/ccsprise\/lact\/wp-json\/wp\/v2\/tags?post=5682"}],"curies":[{"name":"wp","href":"https:\/\/api.w.org\/{rel}","templated":true}]}}