{"id":5680,"date":"2018-12-08T19:28:11","date_gmt":"2018-12-08T17:28:11","guid":{"rendered":"https:\/\/centers.ulbsibiu.ro\/ccsprise\/lact\/?p=5680"},"modified":"2020-06-12T18:40:40","modified_gmt":"2020-06-12T16:40:40","slug":"deschide-md-replica-pentru-fraco-frattini-regimul-separatist-de-la-tiraspol-se-mentine-doar-datorita-rusiei","status":"publish","type":"post","link":"https:\/\/centers.ulbsibiu.ro\/ccsprise\/lact\/deschide-md-replica-pentru-fraco-frattini-regimul-separatist-de-la-tiraspol-se-mentine-doar-datorita-rusiei\/","title":{"rendered":"Deschide.md &#8211; Replic\u0103 pentru Fraco Frattini: Regimul separatist de la Tiraspol se men\u021bine doar datorit\u0103 Rusiei"},"content":{"rendered":"<p>Regimul separatist de la Tiraspol se men\u021bine \u00een exclusivitate din bun\u0103voin\u021ba Federa\u021biei Ruse, care urm\u0103re\u0219te interese politice, constat\u0103 expertul Ion Leahu, coment\u00e2nd declara\u021biile lui Franco Frattini, reprezentantul special al OSCE, care neag\u0103 implicarea Rusiei \u00een conflictul de pe Nistru.<br \/>\nFostul reprezentant al autorit\u0103\u021bilor constitu\u021bionale de la Chi\u0219in\u0103u \u00een Comisia Unificat\u0103 de Control (CUC) a aminti \u00eentr-un comentariu pentru Radio Chi\u0219in\u0103u c\u0103 numeroase institu\u021bii au condamnat Rusia pentru activitatea sa \u00een regiunea transnistrean\u0103.<br \/>\n\u201eExist\u0103 decizia ONU referitor la necesitatea evacu\u0103rii trupelor ruse din regiunea transnistrean\u0103, sunt hot\u0103r\u00e2rile Adun\u0103rilor Parlamentare a OSCE care condamn\u0103 activitatea Rusiei \u00een aceast\u0103 regiune \u0219i \u00een Ucraina \u0219i, \u00een pofida acestui fapt, Franco Frattini declar\u0103 c\u0103 Rusia \u0219i Ucraina nu sunt p\u0103r\u021bi implicate \u00een conflictul de pe Nistru. Cu ce arme a luptat Transnistria \u00een \u201890? Cine a sus\u021binut \u0219i sus\u021bine regimul separatist din Transnistria? Dac\u0103 nu ar fi disponibilitatea Rusiei de a livra gaze naturale f\u0103r\u0103 a percepe plata de la reprezentan\u021bii Tiraspolului, regimul demult nu mai exista. Acest regim se men\u021bine \u00een exclusivitate pe bun\u0103voin\u021ba Federa\u021biei Ruse. Absolut \u00een toate domeniile, regimul separatist e sus\u021binut de Federa\u021bia Rus\u0103, \u0219i nu din interese filantropice, ci politice. Ini\u021bial Rusia a sus\u021binut acest regim pentru a influen\u021ba Republica Moldova \u0219i a\u0219a este \u0219i ast\u0103zi\u201d, spune Ion Leahu.<br \/>\nExpertul Ion Leahu sus\u021bine c\u0103 toate deciziile care au fost aprobate \u00een formatul 5+2 au fost mai \u00eent\u00e2i consultate cu Federa\u021bia Rus\u0103 \u0219i au fost \u00een defavoarea reglement\u0103rii conflictului de pe Nistru.<br \/>\n\u201eIdeea c\u0103 Federa\u021bia Rus\u0103 a contribuit mult pentru activizarea procesului de negocieri \u00een formatul 5+2 a fost promovat\u0103 de ministrul de Externe rus, Serghei Lavrov. C\u00e2nd a fost propus\u0103 varianta cu reglementarea circula\u021biei transportului auto transnistrean cu pl\u0103cu\u021be de \u00eenmatriculare neutre, Lavrov a spus c\u0103 aceast\u0103 variant\u0103 convine Rusiei \u0219i o vor sus\u021bine. Ceea ce arat\u0103 c\u0103 toate deciziile care au fost propuse \u0219i care erau mai apoi aprobate \u00een cadrul procesului de negocieri \u00een formatul 5+2 mai \u00eent\u00e2i erau consultate cu Federa\u021bia Rus\u0103. Este un element foarte negativ, care demonstreaz\u0103 c\u0103 Rusia nu influen\u021beaz\u0103 ca un partener \u00een procesul de negocieri, ci c\u0103 are alte p\u00e2rghii de influen\u021b\u0103, eficiente pentru regiunea transnistrean\u0103. Absolut toate hot\u0103r\u00e2rile \u00een cadrul negocierilor de la Berlin, Viena, Milano, Roma au fost \u00een defavoarea procesului de reglementare a diferendului transnistrean\u201d, consider\u0103 Ion Leahu.<\/p>\n<p>Amintim c\u0103, \u00eentr-un interviu pentru agen\u021bia rus\u0103 RIA \u201eNovosti\u201d, reprezentantul special al pre\u0219edin\u021biei italiene a OSCE, Franco Frattini, a declarat c\u0103 Federa\u021bia Rus\u0103 nu ar fi parte a conflictului transnistrean, ci doar un mediator, component\u0103 din formatul \u201e5+2\u201d.<\/p>\n<p>SURSA: radiochisinau.md;\u00a0<a href=\"https:\/\/deschide.md\/ro\/stiri\/social\/40948\/Replic\u0103-pentru-Fraco-Frattini-Regimul-separatist-de-la-Tiraspol-se-men\u021bine-doar-datorit\u0103-Rusiei.htm\">https:\/\/deschide.md\/<\/a><\/p>\n","protected":false},"excerpt":{"rendered":"<p>Regimul separatist de la Tiraspol se men\u021bine \u00een exclusivitate din bun\u0103voin\u021ba Federa\u021biei Ruse, care urm\u0103re\u0219te interese politice, constat\u0103 expertul Ion Leahu, coment\u00e2nd declara\u021biile lui Franco Frattini, reprezentantul special al OSCE, care neag\u0103 implicarea Rusiei \u00een conflictul de pe Nistru. Fostul reprezentant al autorit\u0103\u021bilor constitu\u021bionale de la Chi\u0219in\u0103u \u00een Comisia Unificat\u0103 de Control (CUC) a aminti&#8230;<\/p>\n","protected":false},"author":2,"featured_media":0,"comment_status":"closed","ping_status":"open","sticky":false,"template":"","format":"standard","meta":[],"categories":[1],"tags":[],"_links":{"self":[{"href":"https:\/\/centers.ulbsibiu.ro\/ccsprise\/lact\/wp-json\/wp\/v2\/posts\/5680"}],"collection":[{"href":"https:\/\/centers.ulbsibiu.ro\/ccsprise\/lact\/wp-json\/wp\/v2\/posts"}],"about":[{"href":"https:\/\/centers.ulbsibiu.ro\/ccsprise\/lact\/wp-json\/wp\/v2\/types\/post"}],"author":[{"embeddable":true,"href":"https:\/\/centers.ulbsibiu.ro\/ccsprise\/lact\/wp-json\/wp\/v2\/users\/2"}],"replies":[{"embeddable":true,"href":"https:\/\/centers.ulbsibiu.ro\/ccsprise\/lact\/wp-json\/wp\/v2\/comments?post=5680"}],"version-history":[{"count":1,"href":"https:\/\/centers.ulbsibiu.ro\/ccsprise\/lact\/wp-json\/wp\/v2\/posts\/5680\/revisions"}],"predecessor-version":[{"id":5681,"href":"https:\/\/centers.ulbsibiu.ro\/ccsprise\/lact\/wp-json\/wp\/v2\/posts\/5680\/revisions\/5681"}],"wp:attachment":[{"href":"https:\/\/centers.ulbsibiu.ro\/ccsprise\/lact\/wp-json\/wp\/v2\/media?parent=5680"}],"wp:term":[{"taxonomy":"category","embeddable":true,"href":"https:\/\/centers.ulbsibiu.ro\/ccsprise\/lact\/wp-json\/wp\/v2\/categories?post=5680"},{"taxonomy":"post_tag","embeddable":true,"href":"https:\/\/centers.ulbsibiu.ro\/ccsprise\/lact\/wp-json\/wp\/v2\/tags?post=5680"}],"curies":[{"name":"wp","href":"https:\/\/api.w.org\/{rel}","templated":true}]}}