{"id":5678,"date":"2018-12-08T19:25:16","date_gmt":"2018-12-08T17:25:16","guid":{"rendered":"https:\/\/centers.ulbsibiu.ro\/ccsprise\/lact\/?p=5678"},"modified":"2020-06-12T18:41:04","modified_gmt":"2020-06-12T16:41:04","slug":"adevarul-ro-george-simion-europa-si-regiunea-transnistreana-o-iubire-imposibila","status":"publish","type":"post","link":"https:\/\/centers.ulbsibiu.ro\/ccsprise\/lact\/adevarul-ro-george-simion-europa-si-regiunea-transnistreana-o-iubire-imposibila\/","title":{"rendered":"Adevarul.ro &#8211; George Simion: Europa \u015fi regiunea transnistrean\u0103: o iubire imposibil\u0103!"},"content":{"rendered":"<p>Carnegie Europe prezint\u0103 situa\u0163ia actual\u0103 a regiunii transnistrene, prin intermediul unei analize controversate. Regiunea separatist\u0103 a Republicii Moldova este v\u0103zut\u0103 \u00een studiul f\u0103cut de organiza\u0163ia cu sediu la Bruxelles ca av\u00e2nd o orientare european\u0103, dar singurul proiect european r\u0103mas pe mas\u0103 pentru R.Moldova este Unirea cu Rom\u00e2nia.<\/p>\n<p>Am fost citat incomplet \u00een cadrul recentei analize f\u0103cute de Carnegie Europe cu materialul intitulat Transdniestria: \u201eMy Head Is in Russia, My Legs Walk to Europe\u201c: \u201e\u00een lipsa unui referendum pe tema Unirii, se poate specula doar despre amploarea sprijinului unionist \u00een Republica Moldova. Transnistria nu a fost niciodat\u0103 parte a Rom\u00e2niei\u201e. Profit de spa\u0163iul pus la dispozi\u0163ie \u00een Adev\u0103rul pentru a detalia unele aspecte importante legate de regiunea transnistrean\u0103&#8230; \u00cen primul \u015fi primul r\u00e2nd, trebuie s\u0103 pornim de la baze: regiunea transnistrean\u0103 serve\u015fte intereselor economice mafiote de la Chi\u015fin\u0103u \u015fi Tiraspol, iar reglementarea conflictului transnistrean este mimat\u0103 de la \u00eenceputul anilor 90\u2019. Aceast\u0103 zon\u0103 a devenit o gaur\u0103 neagr\u0103 \u00een mijlocul Europei, care permite desf\u0103\u015furarea de opera\u0163iuni ilegale de tot felul. De altfel, centrul de studii \u00een domeniul politicii externe \u201eCarnegie Europe\u201c precizeaz\u0103 \u00een articol, c\u0103 Moscova caut\u0103 alian\u0163e cu liderii de la Chi\u015fin\u0103u pentru a men\u0163ine un impas conflictual. Nici varianta propus\u0103 de unii exper\u0163i europeni, de federalizare a Republicii Moldova, nu serve\u015fte intereselor Uniunii Europene de securitate \u015fi bun\u0103stare. Subliniem c\u0103 singura solu\u0163ie viabil\u0103 pentru bun\u0103starea cet\u0103\u0163enilor de pe ambele maluri de Prut este Unirea, prin care se va realiza, automat, \u015fi integrarea european\u0103 a Republicii Moldova. \u00centr-adev\u0103r, opinia popula\u0163iei reliefat\u0103 prin sondajele difer\u0103 foarte mult \u015fi nu este un factor pe care se poate lua o decizie. F\u0103r\u0103 o comunicare public\u0103 eficient\u0103 rom\u00e2neasc\u0103 \u015fi european\u0103, nu putem emite preten\u0163ii nu doar pentru Unire, ci \u015fi pentru un viitor democratic \u00een zon\u0103.<\/p>\n<p>Ultimul cui \u00een co\u015fciugul proiectului european: federalizarea Moldovei<\/p>\n<p>Gre\u015fesc profund acei anali\u015fti europeni care pledeaz\u0103 pentru federalizarea Republicii Moldova, ca o cale de pacificare a zonei. Zona este de mult pacificat\u0103, sub auspiciile a dou\u0103 regimuri \u00eenrudite, r\u0103mase \u00een urma c\u0103derii Uniunii Sovietice. Unul dintre subiectele predilecte ale pre\u015fedintelui moldovean Igor Dodon este federalizarea Republicii Moldova, care ar urma s\u0103 acorde statut egal cu al Chi\u015fin\u0103ului regiunilor separatiste Transnistria \u015fi G\u0103g\u0103uzia. \u00cempachetat\u0103 \u00een vorbele mieroase ale reconcilierii \u00een urma conflictului de pe Nistru din 1992, federalizarea presupune diluarea curentului pro-rom\u00e2nesc \u015fi pro-european din Basarabia prin faptul c\u0103 acord\u0103 unei regiuni puternic rusificate \u015fi av\u00e2nd trupe ruse\u015fti sta\u0163ionate pe teritoriul s\u0103u drept de decizie asupra viitorului tuturor cet\u0103\u0163enilor de peste Prut. Regiunea transnistrean\u0103, o f\u00e2\u015fie de 4.163 kmp, \u015fi-a declarat independen\u0163a \u00een urma conflictului ruso-moldovean, \u00eens\u0103 nu este recunoscut\u0103 de niciun stat membru al ONU. \u00cens\u0103\u015fi Rusia consider\u0103 c\u0103 regiunea transnistrean\u0103 este parte a Republicii Moldova, \u00een \u00eencercarea de a controla \u00eentregul prin intermediul p\u0103r\u0163ii. Autoproclamata republic\u0103 din st\u00e2nga Nistrului, la origine rupt\u0103 de URSS din teritoriul Ucrainei \u015fi numit\u0103 Republica Autonom\u0103 Socialist\u0103 Sovietic\u0103 Moldoveneasc\u0103 \u00een perioada interbelic\u0103, are propriul Parlament \u015fi pre\u015fedinte. Din perioada indistrializ\u0103rii masive a regiunii din st\u00e2nga Nistrului, structura etnic\u0103 este amestecat\u0103, niciun grup nefiind majoritar: c\u00e2te o treime rom\u00e2ni moldoveni, ucraineni \u015fi ru\u015fi. Majoritar\u0103 este \u00eens\u0103 op\u0163iunea pro-Moscova a acestei regiuni \u00een care aproape jum\u0103tate din locuitori de\u0163in cet\u0103\u0163enie rus\u0103, iar veteranii armatei ruse sunt \u00eencuraja\u0163i s\u0103 se stabileasc\u0103 \u00een provincie dup\u0103 l\u0103sarea la vatr\u0103 dec\u00e2t s\u0103 se \u00eentoarc\u0103 \u00een patria-mam\u0103. Iat\u0103 de ce includerea regiunii transnistrene \u00een statul moldovean nu doar deraiaz\u0103 palidele tendin\u0163e pro-europene ale conducerii actuale de la Chi\u015fin\u0103u, ci este un poten\u0163ial pericol pentru siguran\u0163a Rom\u00e2niei \u015fi a \u00eentregii regiunii, pe fondul conflictului \u00eenghe\u0163at din estul Ucrainei. Deja \u00een municipiul Chi\u015fin\u0103u po\u0163i vedea foarte des automobile cu pl\u0103cu\u0163e de \u00eenmatriculare purt\u00e2nd \u00eensemne transnistrene. G\u0103g\u0103uzia, regiunea din sud populat\u0103 de un neam turcic cre\u015ftinat de ru\u015fi, are deja din 1995 statut autonom \u00een cadrul Republicii Moldova, iar federalizarea ar face ca Adunarea Popular\u0103 din ora\u015ful Comrat s\u0103 devin\u0103 un Parlament propriu-zis, \u00eent\u0103rind practic separatismul local. Acest fapt ar submina eforturile actuale de aliniere a Unit\u0103\u0163ii Teritoriale Administrative (UTA) G\u0103g\u0103uze prin vorbirea limbii de stat a Moldovei \u2013 limba rom\u00e2n\u0103 \u2013 \u00een administra\u0163ia public\u0103. De\u015fi au o op\u0163iune majoritar\u0103 pro-rus\u0103, g\u0103g\u0103uzii nu sunt visceral anti-Rom\u00e2nia. Leag\u0103nul acestui neam este pe \u00eentinsul Dobrogei, iar \u00een Rom\u00e2nia continu\u0103 s\u0103 tr\u0103iasc\u0103 numero\u015fi g\u0103g\u0103uzi (unii declara\u0163i t\u0103tari), \u00een Vama Veche, Topraisar, Mangalia \u015fi \u00een municipiul Constan\u0163a. Lumina pentru politicienii g\u0103g\u0103uzi de la Comrat nu vine de la Moscova, ci mai degrab\u0103 de la Ankara, care sus\u0163ine economic regiunea. Drept dovad\u0103, primirea de care a avut parte pre\u015fedintele turc Erdogan la Comrat, nu mai departe de luna octombrie a acestui an. Igor Dodon este singurul actor politic important care ar avea de c\u00e2\u015ftigat de pe urma federaliz\u0103rii \u015fi deci a ced\u0103rii de suveranitate, \u00eentruc\u00e2t teritoriul dintre Prut \u015fi Nistru ar continua s\u0103 aib\u0103 cea mai mare pondere ca num\u0103r de votan\u0163i. Fostul pre\u015fedinte Vladimir Voronin avea \u00een plan federalizarea Republicii Moldova p\u00e2n\u0103 \u00een 2005, c\u00e2nd a realizat c\u0103 este o curs\u0103 pe care Rusia o \u00eentinde celor naivi.<\/p>\n<p>Pozi\u0163ia Ac\u0163iunii 2012: grani\u0163\u0103 ADMINISTRATIV\u0102 pe Nistru<\/p>\n<p>Ac\u0163iunea 2012, prin faptul c\u0103 promoveaz\u0103 dezideratul Reunirii c\u00e2t mai grabnice a celor dou\u0103 state rom\u00e2ne\u015fti, nu uit\u0103 c\u0103 Republica Moldova g\u0103zduie\u015fte un conflict \u00eenghe\u0163at, vechi de peste dou\u0103 decenii, dar nu consider\u0103 c\u0103 aceast\u0103 stare de fapt reprezint\u0103 un obstacol de netrecut \u00een calea reg\u0103sirii unit\u0103\u0163ii na\u0163ionale rom\u00e2ne\u015fti. Regimul separatist de la Tiraspol nu se bucur\u0103 de niciun fel de recunoa\u015ftere interna\u0163ional\u0103, nici m\u0103car din partea statului care \u00eel protejeaz\u0103 \u015fi \u00eei asigur\u0103 existen\u0163a. Actul Final de la Helsinki din 1975 a \u00eenghe\u0163at frontierele \u00een Europa, modificarea acestora nemaiput\u00e2nd fi posibil\u0103 dec\u00e2t pe cale negociat\u0103, iar acest tratat interna\u0163ional se aplic\u0103 dup\u0103 destr\u0103marea U.R.S.S. \u015fi grani\u0163elor interne ale fostului imperiu. Prin urmare, Ac\u0163iunea 2012 militeaz\u0103 pentru Unirea celor dou\u0103 state rom\u00e2ne\u015fti \u00een grani\u0163ele lor actuale, recunoscute interna\u0163ional. Internalizarea conflictului transnistrean \u00eentre frontierele statului rom\u00e2n unificat nu reprezint\u0103 un fapt f\u0103r\u0103 precedent. \u00cen Uniunea Europeana exist\u0103 exemplul Cipru, \u0163ar\u0103 care a fost acceptat\u0103 \u00een Uniune de\u015fi g\u0103zduie\u015fte \u00eenc\u0103 din 1973 un conflict \u00eenghe\u0163at, iar trupe ale unei \u0163\u0103ri nemembr\u0103 a Uniunii Europene sunt prezente pe teritoriul acesteia \u00eempotriva voin\u0163ei sale. Prin urmare, ca \u015fi \u00een cazul Ciprului, Ac\u0163iunea 2012 este de acord c\u0103 Rom\u00e2nia va trebui s\u0103 continue negocierile \u00een vederea g\u0103sirii unei solu\u0163ii pa\u015fnice pentru rezolvarea conflictului existent. De asemenea, p\u00e2n\u0103 c\u00e2nd rezolvarea disputei va fi identificat\u0103 \u015fi implementat\u0103, Rom\u00e2nia va stabili o linie de demarca\u0163ie atent securizat\u0103 cu dot\u0103ri de nivel european la limita de vest a zonei controlate de separati\u015fti. Aici se vor afla at\u00e2t punctele de trecere a frontierei Uniunii Europene, c\u00e2t \u015fi birourile serviciilor puse la dispozi\u0163ia locuitorilor din localit\u0103\u0163ile supuse autorit\u0103\u0163ilor din Tiraspol. Dup\u0103 Unire, Ac\u0163iunea 2012 consider\u0103 c\u0103 Rom\u00e2nia trebuie s\u0103 recunoasc\u0103 calitatea de cet\u0103\u0163ean rom\u00e2n persoanelor care locuiau \u00een raioanele de est ale Republicii Moldova \u00eenainte de proclamarea a\u015fa-zisei \u201erepublici nistrene\u201c, precum \u015fi membrilor familiilor acestora.<\/p>\n<p>Unirea, ca proiect european<\/p>\n<p>Uniunea European\u0103 are de suferit ca procent de acceptabilitate \u00een r\u00e2ndul popula\u0163iei din Republica Moldova, din cauza multiplelor cazuri de corup\u0163ie din partea guvern\u0103ri a\u015fa-zis pro-europene. Ajutorul UE c\u0103tre Chi\u015fin\u0103u a fost delapidat sau \u00een cel mai bun caz risipit. Un miliard de dolari americani a disp\u0103rut, fiind furat din sistemul bancar moldovenesc (ho\u0163ul este cunoscut de to\u0163i \u2013 de culmea!), \u015fi peste 300 de milioane de euro din ajutorul UE au fost deturnate de c\u0103tre oligarhii locali \u00een ultimii ani, motiv pentru care programul de asisten\u0163\u0103 UE a devenit nepopular \u00een r\u00e2ndul cet\u0103\u0163enilor de bun\u0103 credin\u0163\u0103 ai Republicii Moldova. E nevoie de un proiect care s\u0103 recredibilizeze Uniunea \u00een ochii cet\u0103\u0163enilor moldoveni dar \u015fi de un exemplu de succes al politicilor europene, at\u00e2t de contestate \u00een ultima vreme. Republica Moldova nu este c\u00e2tu\u015fi de pu\u0163in preg\u0103tit\u0103 pentru aderarea la UE, nici m\u0103car c\u00e2t era de preg\u0103tit\u0103 Rom\u00e2nia \u00een momentul accederii din 2007. Singurul sens pe care \u00eel au cele 6 (\u015fase!) jude\u0163e rom\u00e2ne\u015fti interbelice care ast\u0103zi formeaz\u0103 Republica Moldova este \u00een componen\u0163a Rom\u00e2niei. C\u00e2\u015ftigul ar fi deopotriv\u0103 pentru poporul rom\u00e2n re\u00eentregit \u015fi pentru Uniunea European\u0103 \u015fi NATO, care ar dob\u00e2ndi \u00eentre Prut \u015fi Nistru o zon\u0103 stabilizat\u0103 prin garan\u0163iile americane fa\u0163\u0103 de Rom\u00e2nia, suficiente pentru a descuraja eventualele agresiuni dinspre R\u0103s\u0103rit. Rezultatul pragmatic al reunific\u0103rii ar fi acela c\u0103 armata modern\u0103 a Rom\u00e2niei, format\u0103 din 90.000 de militari profesioni\u015fti \u015fi sus\u0163inut\u0103 de Statele Unite, va controla frontiera pe Nistru cu mult mai bine dec\u00e2t o pot face \u00een prezent 5.000 de militari moldoveni. \u00cen pofida sprijinului politic \u015fi asisten\u0163ei financiare din partea Uniunii Europene, Republica Moldova este un stat e\u015fuat, corupt, violent, nedemocratic, fragil, iar e\u015fecurile sale submineaz\u0103 politicile europene \u00een regiune \u015fi contribuie la cre\u015fterea sentimentului anti-european \u00een r\u00e2ndul popula\u0163iei. Dar mai presus de toate, reunificarea Rom\u00e2niei ar fi un exemplu de succes al for\u0163ei UE de transformare a \u0163\u0103rilor din componen\u0163\u0103. \u201eUnitate \u00een diversitate\u201c este deviza Uniunii Europene, iar Unirea noastr\u0103 este un proiect generos care nu exclude nicio minoritate \u015fi nicio categorie social\u0103 a Republicii Moldova. Uni\u0163i avem nevoie de fiecare om onest pentru bun\u0103starea pe care ne-o dator\u0103m nou\u0103 \u00een\u015fine.<\/p>\n<p>Citeste mai mult: <a title=\"Europa \u015fi regiunea transnistrean\u0103: o iubire imposibil\u0103! | George Simion | adevarul.ro\u015eedin\u0163a CSAT. Ce au aprobat membrii Consiliului: obiectivele Rom\u00e2niei pentru Summitul NATO de la Bruxelles \u015fi for\u0163ele armate pentru misiuni \u00een str\u0103in\u0103tate | adevarul.ro\u015eedin\u0163a CSAT. Ce au aprobat membrii Consiliului: obiectivele Rom\u00e2niei pentru Summitul NATO de la Bruxelles \u015fi for\u0163ele armate pentru misiuni \u00een str\u0103in\u0103tate | adevarul.ro\" href=\"http:\/\/adev.ro\/pjd8ve\" target=\"_blank\" rel=\"noopener noreferrer\">adev.ro\/pjd8ve<\/a><\/p>\n","protected":false},"excerpt":{"rendered":"<p>Carnegie Europe prezint\u0103 situa\u0163ia actual\u0103 a regiunii transnistrene, prin intermediul unei analize controversate. Regiunea separatist\u0103 a Republicii Moldova este v\u0103zut\u0103 \u00een studiul f\u0103cut de organiza\u0163ia cu sediu la Bruxelles ca av\u00e2nd o orientare european\u0103, dar singurul proiect european r\u0103mas pe mas\u0103 pentru R.Moldova este Unirea cu Rom\u00e2nia. Am fost citat incomplet \u00een cadrul recentei analize&#8230;<\/p>\n","protected":false},"author":2,"featured_media":0,"comment_status":"closed","ping_status":"open","sticky":false,"template":"","format":"standard","meta":[],"categories":[1],"tags":[],"_links":{"self":[{"href":"https:\/\/centers.ulbsibiu.ro\/ccsprise\/lact\/wp-json\/wp\/v2\/posts\/5678"}],"collection":[{"href":"https:\/\/centers.ulbsibiu.ro\/ccsprise\/lact\/wp-json\/wp\/v2\/posts"}],"about":[{"href":"https:\/\/centers.ulbsibiu.ro\/ccsprise\/lact\/wp-json\/wp\/v2\/types\/post"}],"author":[{"embeddable":true,"href":"https:\/\/centers.ulbsibiu.ro\/ccsprise\/lact\/wp-json\/wp\/v2\/users\/2"}],"replies":[{"embeddable":true,"href":"https:\/\/centers.ulbsibiu.ro\/ccsprise\/lact\/wp-json\/wp\/v2\/comments?post=5678"}],"version-history":[{"count":2,"href":"https:\/\/centers.ulbsibiu.ro\/ccsprise\/lact\/wp-json\/wp\/v2\/posts\/5678\/revisions"}],"predecessor-version":[{"id":8127,"href":"https:\/\/centers.ulbsibiu.ro\/ccsprise\/lact\/wp-json\/wp\/v2\/posts\/5678\/revisions\/8127"}],"wp:attachment":[{"href":"https:\/\/centers.ulbsibiu.ro\/ccsprise\/lact\/wp-json\/wp\/v2\/media?parent=5678"}],"wp:term":[{"taxonomy":"category","embeddable":true,"href":"https:\/\/centers.ulbsibiu.ro\/ccsprise\/lact\/wp-json\/wp\/v2\/categories?post=5678"},{"taxonomy":"post_tag","embeddable":true,"href":"https:\/\/centers.ulbsibiu.ro\/ccsprise\/lact\/wp-json\/wp\/v2\/tags?post=5678"}],"curies":[{"name":"wp","href":"https:\/\/api.w.org\/{rel}","templated":true}]}}