{"id":5676,"date":"2018-12-08T19:20:19","date_gmt":"2018-12-08T17:20:19","guid":{"rendered":"https:\/\/centers.ulbsibiu.ro\/ccsprise\/lact\/?p=5676"},"modified":"2018-12-08T19:20:19","modified_gmt":"2018-12-08T17:20:19","slug":"stiri-tvr-ro-moldova-azi-agitatie-in-transnistria-exercitii-militare-dupa-un-scenariu-privind-fortarea-nistrului-iulian-chifu-pentru-a-crea-divergente-trupe-din-regiunea-separatista-pot-efectua","status":"publish","type":"post","link":"https:\/\/centers.ulbsibiu.ro\/ccsprise\/lact\/stiri-tvr-ro-moldova-azi-agitatie-in-transnistria-exercitii-militare-dupa-un-scenariu-privind-fortarea-nistrului-iulian-chifu-pentru-a-crea-divergente-trupe-din-regiunea-separatista-pot-efectua\/","title":{"rendered":"Stiri.tvr.ro &#8211; MOLDOVA AZI Agita\u021bie \u00een Transnistria. Exerci\u021bii militare dup\u0103 un scenariu privind for\u021barea Nistrului. Iulian Chifu: Pentru a crea divergen\u021be, trupe din regiunea separatist\u0103 pot efectua ac\u021biuni de natur\u0103 hibrid\u0103 \u00een Ucraina"},"content":{"rendered":"<p>\u00cen Transnistria este agita\u021bie mare \u00een ultima vreme. Periodic, au loc aplica\u021bii cu un scenariu privind for\u021barea r\u00e2ului Nistru. \u0218i asta, pe fondul conflictului din str\u00e2mtoarea Kerci. &#8220;Nu trebuie s\u0103 uit\u0103m un lucru: pentru a crea dificult\u0103\u021bi \u0219i divergen\u021be \u00eentre R. Moldova \u0219i Ucraina, \u00een orice moment, categorii de trupe din regiunea separatist\u0103 pot efectua ac\u021biuni de natur\u0103 hibrid\u0103 \u00een Ucraina, motiv pentru a ridica \u00een aer rela\u021bia dintre cele dou\u0103 state \u0219i, mai ales, de a aduce responsabilitatea la Chi\u0219in\u0103u&#8221;, a atras aten\u021bia analistul de politic\u0103 extern\u0103 Iulian Chifu, invitat \u00een emisiunea &#8220;Lumea Azi&#8221;.<\/p>\n<p>Situa\u0163ia din Kerci a pus pe jar pretinsele autorit\u0103\u0163i din regiunea separatist\u0103 Transnistria.<\/p>\n<p>\u00cen orice moment, potrivit liderului de la Tiraspol, militarii din st\u00e2nga Nistrului sunt gata s\u0103 intervin\u0103.<\/p>\n<p>Vadim Krasnoseliski, pretinsul lider de la Tiraspol: &#8220;<em>Noi urm\u0103rim cu aten\u0163ie ce se \u00eent\u00e2mpl\u0103 \u00een Ucraina \u015fi vom ac\u0163iona dup\u0103 situa\u0163ie. Totul se poate \u00eent\u00e2mpla. Deci, trebuie s\u0103 fim preg\u0103ti\u0163i pentru ce e mai r\u0103u. Dar noi suntem preg\u0103ti\u0163i<\/em>&#8220;.<\/p>\n<p>Chiar dac\u0103 situa\u0163ia la grani\u0163a cu Ucraina este una lini\u0219tit\u0103, exper\u021bii \u00een securitate de la Chi\u0219in\u0103u spun c\u0103 Federa\u021bia Rus\u0103 nu se va opri \u0219i oric\u00e2nd este gata s\u0103 antreneze militarii din Tiraspol pentru eventuale implic\u0103ri, a\u015fa cum de regul\u0103 organizeaz\u0103 antrenamente.<\/p>\n<p>Cel mai recent exerci\u021biu cu implicarea for\u021belor de pacificare ruse de pe Nistru a avut loc acum dou\u0103 luni.<\/p>\n<p>At\u00e2ta timp c\u00e2t nu exist\u0103 o strategie de reintegrare a Republicii Moldova \u015fi nici una despre implementarea rezolu\u0163iei ONU privind retragerea trupelor ruse, \u00eenseamn\u0103 c\u0103 exist\u0103 anumite \u00een\u0163elegeri pe sub mas\u0103, sus\u021bin exper\u0163ii.<\/p>\n<p>Acum un an, for\u0163ele paramilitare separatiste, \u00eempreun\u0103 cu grupul operativ al trupelor ruse, cunoscut drept Armata a 14-a, au mai organizat un exerci\u0163iu militar de for\u0163are a r\u00e2ului Nistru.<\/p>\n<p><strong>&#8220;Republica Moldova are aceast\u0103 problem\u0103, care nu este de azi, de ieri, este din &#8217;92 \u0219i totu\u0219i parcursul s\u0103u european a fost foarte bun. A avut sincopele din ultimele luni, din ultimele luni e cel mai corect spus, chiar dac\u0103 avansurile au fost fantastice chiar pe aceast\u0103 guvernare&#8221;<\/strong>, a comentat pentru &#8220;Lumea Azi&#8221; analistul de politic\u0103 extern\u0103 Iulian Chifu.<\/p>\n<p>&#8220;Ceea ce putem s\u0103 privim \u0219i este periculos (&#8230;) este faptul c\u0103 \u00een aceste ac\u021biuni sunt implicate \u0219i a\u0219a-numitele <em>trupe de pacificare<\/em>&#8220;, a subliniat Chifu.<\/p>\n<p>&#8220;Nu trebuie s\u0103 uit\u0103m un lucru: pentru a crea dificult\u0103\u021bi \u0219i divergen\u021be \u00eentre R. Moldova \u0219i Ucraina, \u00een orice moment, categorii de trupe din regiunea separatist\u0103 pot efectua ac\u021biuni de natur\u0103 hibrid\u0103 \u00een Ucraina, motiv pentru a ridica \u00een aer rela\u021bia dintre cele dou\u0103 state \u0219i, mai ales, de a aduce responsabilitatea la Chi\u0219in\u0103u. S\u0103 nu uit\u0103m c\u0103, ast\u0103zi, trupele ruse se schimb\u0103 prin aeroportul Chi\u0219in\u0103u, nu prin interiorul Ucrainei, cum veneau alt\u0103dat\u0103, ceea ce antreneaz\u0103 o nou\u0103 responsabilitate \u00een plus a Republicii Moldova, dincolo de cea care \u021bine de zona separatist\u0103, de unde cineva ar putea face o nebunie&#8221;, atrage aten\u021bia analistul de politic\u0103 extern\u0103.<\/p>\n<p>&#8220;Chiar \u0219i \u00een aceste condi\u021bii trebuie privit cu foarte mare aten\u021bie \u0219i cel mai recomandabil ar fi ca R. Moldova, Chi\u0219in\u0103ul \u0219i Kievul s\u0103 intre \u00een leg\u0103tur\u0103 direct\u0103 strategic\u0103 \u0219i s\u0103 \u00eenceap\u0103 s\u0103 schimbe acest tip de informa\u021bii, pentru a putea s\u0103 gestioneze o eventual\u0103 criz\u0103 care ar fi montat\u0103 \u00een regiune. Nu e prea t\u00e2rziu, pentru c\u0103 aici e doar de \u00eent\u00e2lnire, e doar de \u00een\u021belegere, de cre\u0219tere a \u00eencrederii \u00eentre cele dou\u0103 p\u0103r\u021bi, de transmitere a informa\u021biilor legate de categoriile de trupe care au tranzitat aeroportul Chi\u0219in\u0103u&#8221;, spune Iulian Chifu.<\/p>\n<p>Sursa:\u00a0<a href=\"http:\/\/stiri.tvr.ro\/moldova-azi-agita--ie-in-transnistria--exerci--ii-militare-dupa-un-scenariu-privind-for--area-nistrului--iulian-chifu--pentru-a-crea-divergen--e--trupe-din-regiunea-separatista-pot-efectua-ac--iuni-de-natura-hibrida-in-ucraina_839194_video.html?fbclid=IwAR2cYr2i5hYQmowxIU51xLhcm2lEhSfohqea45LeK4eTjN7otde3qypyM9g#view\">http:\/\/stiri.tvr.ro\/<\/a><\/p>\n","protected":false},"excerpt":{"rendered":"<p>\u00cen Transnistria este agita\u021bie mare \u00een ultima vreme. Periodic, au loc aplica\u021bii cu un scenariu privind for\u021barea r\u00e2ului Nistru. \u0218i asta, pe fondul conflictului din str\u00e2mtoarea Kerci. &#8220;Nu trebuie s\u0103 uit\u0103m un lucru: pentru a crea dificult\u0103\u021bi \u0219i divergen\u021be \u00eentre R. Moldova \u0219i Ucraina, \u00een orice moment, categorii de trupe din regiunea separatist\u0103 pot efectua&#8230;<\/p>\n","protected":false},"author":2,"featured_media":0,"comment_status":"closed","ping_status":"open","sticky":false,"template":"","format":"standard","meta":[],"categories":[1],"tags":[],"_links":{"self":[{"href":"https:\/\/centers.ulbsibiu.ro\/ccsprise\/lact\/wp-json\/wp\/v2\/posts\/5676"}],"collection":[{"href":"https:\/\/centers.ulbsibiu.ro\/ccsprise\/lact\/wp-json\/wp\/v2\/posts"}],"about":[{"href":"https:\/\/centers.ulbsibiu.ro\/ccsprise\/lact\/wp-json\/wp\/v2\/types\/post"}],"author":[{"embeddable":true,"href":"https:\/\/centers.ulbsibiu.ro\/ccsprise\/lact\/wp-json\/wp\/v2\/users\/2"}],"replies":[{"embeddable":true,"href":"https:\/\/centers.ulbsibiu.ro\/ccsprise\/lact\/wp-json\/wp\/v2\/comments?post=5676"}],"version-history":[{"count":1,"href":"https:\/\/centers.ulbsibiu.ro\/ccsprise\/lact\/wp-json\/wp\/v2\/posts\/5676\/revisions"}],"predecessor-version":[{"id":5677,"href":"https:\/\/centers.ulbsibiu.ro\/ccsprise\/lact\/wp-json\/wp\/v2\/posts\/5676\/revisions\/5677"}],"wp:attachment":[{"href":"https:\/\/centers.ulbsibiu.ro\/ccsprise\/lact\/wp-json\/wp\/v2\/media?parent=5676"}],"wp:term":[{"taxonomy":"category","embeddable":true,"href":"https:\/\/centers.ulbsibiu.ro\/ccsprise\/lact\/wp-json\/wp\/v2\/categories?post=5676"},{"taxonomy":"post_tag","embeddable":true,"href":"https:\/\/centers.ulbsibiu.ro\/ccsprise\/lact\/wp-json\/wp\/v2\/tags?post=5676"}],"curies":[{"name":"wp","href":"https:\/\/api.w.org\/{rel}","templated":true}]}}