{"id":5674,"date":"2018-12-07T17:45:08","date_gmt":"2018-12-07T15:45:08","guid":{"rendered":"https:\/\/centers.ulbsibiu.ro\/ccsprise\/lact\/?p=5674"},"modified":"2018-12-07T17:45:08","modified_gmt":"2018-12-07T15:45:08","slug":"gov-md-consiliul-ministerial-al-osce-saluta-efortul-guvernului-de-la-chisinau-in-dosarul-transnistrean","status":"publish","type":"post","link":"https:\/\/centers.ulbsibiu.ro\/ccsprise\/lact\/gov-md-consiliul-ministerial-al-osce-saluta-efortul-guvernului-de-la-chisinau-in-dosarul-transnistrean\/","title":{"rendered":"Gov.md &#8211; Consiliul Ministerial al OSCE salut\u0103 efortul Guvernului de la Chi\u0219in\u0103u \u00een dosarul transnistrean"},"content":{"rendered":"<p>La ultima sesiune plenar\u0103 a celei de-a 25-a reuniuni a Consiliului de Mini\u0219tri al OSCE, care a avut loc pe 07 decembrie 2018, \u00een incinta Centrului de Conven\u021bii MiCo din Milano, Italia, a fost adoptat\u0103 Declara\u021bia cu privire la evolu\u021biile procesului de reglementare a conflictului transnistrean\u0103 \u00een formatul \u201e5+2\u201d.<br \/>\nDocumentul reafirm\u0103 pozi\u021bia ferm\u0103 a statelor participante ale OSCE de a identifica o solu\u021bie comprehensiv\u0103, pa\u0219nic\u0103 \u0219i durabil\u0103 a conflictului transnistrean, bazat\u0103 pe suveranitatea \u0219i integritatea teritorial\u0103 a Republicii Moldova, \u00een frontierele sale recunoscute la nivel interna\u021bional, cu determinarea unui statut special pentru regiunea transnistrean\u0103, \u00een m\u0103sur\u0103 s\u0103 garanteze respectarea drepturilor inalienabile, politice, economice \u0219i sociale ale popula\u021biei.<br \/>\nConsiliul Ministerial apreciaz\u0103 realiz\u0103rile majore ob\u021binute pe marginea unor subiecte ce figureaz\u0103 \u00een pachetul \u201cBerlin plus\u201d (apostila diplomelor, accesul la \u0219colile cu predare \u00een limba rom\u00e2n\u0103, accesul la terenurile agricole din raionul Dub\u0103sari, accesul la podul Gura B\u00e2cului-B\u00e2cioc, autovehiculele din regiunea transnistrean\u0103), dar \u0219i progresul substan\u021bial marcat \u00een problema telecomunica\u021biilor.<br \/>\nActorii din formatul \u201e5+2\u201d sunt \u00eendemna\u021bi s\u0103 implementeze plenar \u00een\u021belegerile convenite, construind un fundament solid pentru avansarea procesului de reglementare, continu\u00e2nd s\u0103 interac\u021bioneze la toate nivelurile, cu ob\u021binerea unor progrese tangibile pe toate punctele agendei de negocieri agreate.<br \/>\n\u00cen textul Declara\u021biei ministeriale este accentuat rolul important al Conferin\u021bei permanente pe probleme politice \u00een procesul de reglementare transnistrean\u0103 (formatul de negocieri \u201e5+2\u201d) pentru identificarea unei solu\u021bii viabile \u0219i sustenabile a conflictului, cu reiterarea necesit\u0103\u021bii ca p\u0103r\u021bile s\u0103 se orienteze spre rezultate concrete \u0219i s\u0103 conlucreze pe toate platformele de dialog existente \u0219i pe durata mandatului Pre\u0219edin\u021biei Slovaciei a OSCE care va fi exercitat\u0103 pe parcursul anului 2019.<br \/>\nDe asemenea, este apreciat angajamentul p\u0103r\u021bilor care faciliteaz\u0103 rezolvarea unor probleme de durat\u0103. De asemenea, sunt \u00eencuraja\u021bi mediatorii \u0219i observatorii s\u0103 continue coordonarea eforturilor \u0219i s\u0103 fac\u0103 uz de toate instrumentele pentru avansare procesului de reglementare.<\/p>\n<p>Sursa:\u00a0<a href=\"https:\/\/gov.md\/ro\/content\/consiliul-ministerial-al-osce-saluta-efortul-guvernului-de-la-chisinau-dosarul-transnistrean\">https:\/\/gov.md\/<\/a><\/p>\n","protected":false},"excerpt":{"rendered":"<p>La ultima sesiune plenar\u0103 a celei de-a 25-a reuniuni a Consiliului de Mini\u0219tri al OSCE, care a avut loc pe 07 decembrie 2018, \u00een incinta Centrului de Conven\u021bii MiCo din Milano, Italia, a fost adoptat\u0103 Declara\u021bia cu privire la evolu\u021biile procesului de reglementare a conflictului transnistrean\u0103 \u00een formatul \u201e5+2\u201d. Documentul reafirm\u0103 pozi\u021bia ferm\u0103 a statelor&#8230;<\/p>\n","protected":false},"author":2,"featured_media":0,"comment_status":"closed","ping_status":"open","sticky":false,"template":"","format":"standard","meta":[],"categories":[1],"tags":[],"_links":{"self":[{"href":"https:\/\/centers.ulbsibiu.ro\/ccsprise\/lact\/wp-json\/wp\/v2\/posts\/5674"}],"collection":[{"href":"https:\/\/centers.ulbsibiu.ro\/ccsprise\/lact\/wp-json\/wp\/v2\/posts"}],"about":[{"href":"https:\/\/centers.ulbsibiu.ro\/ccsprise\/lact\/wp-json\/wp\/v2\/types\/post"}],"author":[{"embeddable":true,"href":"https:\/\/centers.ulbsibiu.ro\/ccsprise\/lact\/wp-json\/wp\/v2\/users\/2"}],"replies":[{"embeddable":true,"href":"https:\/\/centers.ulbsibiu.ro\/ccsprise\/lact\/wp-json\/wp\/v2\/comments?post=5674"}],"version-history":[{"count":1,"href":"https:\/\/centers.ulbsibiu.ro\/ccsprise\/lact\/wp-json\/wp\/v2\/posts\/5674\/revisions"}],"predecessor-version":[{"id":5675,"href":"https:\/\/centers.ulbsibiu.ro\/ccsprise\/lact\/wp-json\/wp\/v2\/posts\/5674\/revisions\/5675"}],"wp:attachment":[{"href":"https:\/\/centers.ulbsibiu.ro\/ccsprise\/lact\/wp-json\/wp\/v2\/media?parent=5674"}],"wp:term":[{"taxonomy":"category","embeddable":true,"href":"https:\/\/centers.ulbsibiu.ro\/ccsprise\/lact\/wp-json\/wp\/v2\/categories?post=5674"},{"taxonomy":"post_tag","embeddable":true,"href":"https:\/\/centers.ulbsibiu.ro\/ccsprise\/lact\/wp-json\/wp\/v2\/tags?post=5674"}],"curies":[{"name":"wp","href":"https:\/\/api.w.org\/{rel}","templated":true}]}}