{"id":5672,"date":"2018-12-07T17:43:16","date_gmt":"2018-12-07T15:43:16","guid":{"rendered":"https:\/\/centers.ulbsibiu.ro\/ccsprise\/lact\/?p=5672"},"modified":"2018-12-07T17:43:16","modified_gmt":"2018-12-07T15:43:16","slug":"infotag-md-reprezentantul-osce-spera-ca-problemele-vor-fi-reglementate-in-timpul-presedintiei-slovaciei-in-osce","status":"publish","type":"post","link":"https:\/\/centers.ulbsibiu.ro\/ccsprise\/lact\/infotag-md-reprezentantul-osce-spera-ca-problemele-vor-fi-reglementate-in-timpul-presedintiei-slovaciei-in-osce\/","title":{"rendered":"Infotag.md &#8211; REPREZENTANTUL OSCE SPER\u0102 C\u0102 PROBLEMELE VOR FI REGLEMENTATE \u00ceN TIMPUL PRE\u015eEDIN\u0162IEI SLOVACIEI \u00ceN OSCE"},"content":{"rendered":"<p>Reprezentantul special al OSCE pentru Transnistria, Franco Frattini, sper\u0103 c\u0103, \u00een cadrul pre\u0219edin\u021biei Slovaciei \u00een OSCE \u00een anul 2019, \u201eproblemele r\u0103mase nerezolvate vor fi rezolvate prin eforturi comune\u201d.<br \/>\nPotrivit agen\u0163iei INFOTAG, despre aceasta el a declarat \u00eentr-un interviu acordat agen\u0163iei RIA Novosti, numind formatul \u201e5+2\u201d un \u201eexemplu unic de negocieri eficiente \u00een politica interna\u021bional\u0103 modern\u0103, cu participarea Federa\u021biei Ruse, a SUA \u0219i Ucrainei\u201d.<br \/>\n\u201eSunt mul\u021bumit de metoda activit\u0103\u0163ii noastre (a pre\u0219edin\u021biei italiene \u00een OSCE \u2013 \u201eI.\u201d) \u0219i sunt convins c\u0103 Slovacia va continua s\u0103 avanseze pe aceast\u0103 cale\u201d, a spus Frattini.<br \/>\nPotrivit lui, Rusia \u201ea contribuit semnificativ la ob\u021binerea unor rezultate concrete \u00een cadrul reglement\u0103rii transnistrene\u201d.<br \/>\n\u201ePe parcursul acestui an, m-am \u00eent\u00e2lnit de c\u00e2teva ori cu ministrul rus de Externe, Serghei Lavrov, ultima oar\u0103 la sf\u00e2r\u0219itul lunii noiembrie la Moscova. El m-a asigurat mereu c\u0103 Rusia sprijin\u0103 eforturile noastre \u0219i trebuie s\u0103 spun c\u0103 Rusia a cooperat \u00eentr-adev\u0103r cu noi \u00een cel mai constructiv mod\u201d, a recunoscut Frattini.<br \/>\nDrept exemplu el a men\u021bionat problema legat\u0103 de participarea transportului auto \u00eenmatriculat \u00een Transnistria \u00een traficul rutier interna\u021bional.<br \/>\n\u201eSolu\u021bia a fost g\u0103sit\u0103 prin crearea pl\u0103cu\u021belor de \u00eenmatriculare speciale cu a\u0219a-numitul \u201estatut neutru\u201d. \u00cens\u0103 numai dup\u0103 ce Moscova a declarat \u00een mod clar \u201eSuntem de acord cu acest proiect\u201d, am reu\u0219it s\u0103 ajungem la un acord \u015fi cu Ucraina, dar \u0219i cu cele dou\u0103 p\u0103r\u021bi ale conflictului\u201d, a declarat reprezentantul special al OSCE.<\/p>\n<p>Sursa:\u00a0<a href=\"http:\/\/www.infotag.md\/\">http:\/\/www.infotag.md\/<\/a><\/p>\n","protected":false},"excerpt":{"rendered":"<p>Reprezentantul special al OSCE pentru Transnistria, Franco Frattini, sper\u0103 c\u0103, \u00een cadrul pre\u0219edin\u021biei Slovaciei \u00een OSCE \u00een anul 2019, \u201eproblemele r\u0103mase nerezolvate vor fi rezolvate prin eforturi comune\u201d. Potrivit agen\u0163iei INFOTAG, despre aceasta el a declarat \u00eentr-un interviu acordat agen\u0163iei RIA Novosti, numind formatul \u201e5+2\u201d un \u201eexemplu unic de negocieri eficiente \u00een politica interna\u021bional\u0103 modern\u0103,&#8230;<\/p>\n","protected":false},"author":2,"featured_media":0,"comment_status":"closed","ping_status":"open","sticky":false,"template":"","format":"standard","meta":[],"categories":[1],"tags":[],"_links":{"self":[{"href":"https:\/\/centers.ulbsibiu.ro\/ccsprise\/lact\/wp-json\/wp\/v2\/posts\/5672"}],"collection":[{"href":"https:\/\/centers.ulbsibiu.ro\/ccsprise\/lact\/wp-json\/wp\/v2\/posts"}],"about":[{"href":"https:\/\/centers.ulbsibiu.ro\/ccsprise\/lact\/wp-json\/wp\/v2\/types\/post"}],"author":[{"embeddable":true,"href":"https:\/\/centers.ulbsibiu.ro\/ccsprise\/lact\/wp-json\/wp\/v2\/users\/2"}],"replies":[{"embeddable":true,"href":"https:\/\/centers.ulbsibiu.ro\/ccsprise\/lact\/wp-json\/wp\/v2\/comments?post=5672"}],"version-history":[{"count":1,"href":"https:\/\/centers.ulbsibiu.ro\/ccsprise\/lact\/wp-json\/wp\/v2\/posts\/5672\/revisions"}],"predecessor-version":[{"id":5673,"href":"https:\/\/centers.ulbsibiu.ro\/ccsprise\/lact\/wp-json\/wp\/v2\/posts\/5672\/revisions\/5673"}],"wp:attachment":[{"href":"https:\/\/centers.ulbsibiu.ro\/ccsprise\/lact\/wp-json\/wp\/v2\/media?parent=5672"}],"wp:term":[{"taxonomy":"category","embeddable":true,"href":"https:\/\/centers.ulbsibiu.ro\/ccsprise\/lact\/wp-json\/wp\/v2\/categories?post=5672"},{"taxonomy":"post_tag","embeddable":true,"href":"https:\/\/centers.ulbsibiu.ro\/ccsprise\/lact\/wp-json\/wp\/v2\/tags?post=5672"}],"curies":[{"name":"wp","href":"https:\/\/api.w.org\/{rel}","templated":true}]}}