{"id":5670,"date":"2018-12-07T17:40:17","date_gmt":"2018-12-07T15:40:17","guid":{"rendered":"https:\/\/centers.ulbsibiu.ro\/ccsprise\/lact\/?p=5670"},"modified":"2018-12-07T17:40:17","modified_gmt":"2018-12-07T15:40:17","slug":"gov-md-problemele-nesolutionate-din-zona-de-securitate-raman-in-atentia-delegatiei-chisinaului-in-comisia-unificata-de-control","status":"publish","type":"post","link":"https:\/\/centers.ulbsibiu.ro\/ccsprise\/lact\/gov-md-problemele-nesolutionate-din-zona-de-securitate-raman-in-atentia-delegatiei-chisinaului-in-comisia-unificata-de-control\/","title":{"rendered":"Gov.md &#8211; Problemele nesolu\u021bionate din Zona de Securitate r\u0103m\u00e2n \u00een aten\u021bia delega\u021biei Chi\u0219in\u0103ului \u00een Comisia Unificat\u0103 de Control"},"content":{"rendered":"<p>La data de 6 decembrie s-a desf\u0103\u0219urat \u0219edin\u021ba Comisiei Unificate de Control condus\u0103 de c\u0103tre delega\u021bia regiunii transnistrene.<\/p>\n<p>Aspectele care au creat disensiuni majore la \u00eentrevederile precedente nu au fost incluse de c\u0103tre delega\u021bia transnistrean\u0103 \u00een proiectul ordinii de zi, fiind examinate subiectele am\u00e2nate anterior.<\/p>\n<p>Astfel, s-a luat act de raportul s\u0103pt\u0103m\u00e2nal al Comandamentului Militar \u00centrunit pentru perioada 28.11.2018 &#8211; 04.12.2018. Totodat\u0103 reprezentan\u021bii p\u0103r\u021bilor \u00een Comandamentul Militar \u00centrunit au fost audia\u021bi cu privire la mersul dialogului pe aspectele legate de activitatea posturilor de pacificare.<\/p>\n<p>Delega\u021bia Republicii Moldova a aten\u021bionat c\u0103 p\u00e2n\u0103 \u00een prezent nu a fost implementat protocolul \u0219edin\u021bei de urgen\u021b\u0103 din 10, 11 \u0219i 13 ianuarie 2012.<\/p>\n<p>Urmare discu\u021biilor, p\u0103r\u021bile au decis deplasarea comandan\u021bilor militari \u0219i membrilor CUC, reprezentan\u021bi ai structurilor militare, la postul nr. 9 (drept \u0219i st\u00e2ng) pentru familiarizare la fa\u021ba locului cu procesul de implementare a deciziei CUC.<\/p>\n<p>Delega\u021bia Chi\u0219in\u0103ului a readus \u00een aten\u021bie demersurile sale de a elimina postul \u201egr\u0103niceresc\u201d cu infrastructura adiacent\u0103, amplasat de Tiraspol contrar acordurilor pe malul st\u00e2ng al r\u00e2ului Nistru \u00eentre localit\u0103\u021bile Slobozia \u0219i Cremenciug, precum \u0219i de a efectua inspectarea acestui post de c\u0103tre observatorii militari. Partea transnistrean\u0103 din nou a evitat luarea unei decizii asupra problemei \u0219i a propus transferarea subiectului pentru \u00eentrevederea din 13 decembrie.<\/p>\n<p>Delega\u021bia Republicii Moldova a fost consecvent\u0103 \u0219i \u00een partea ce \u021bine de aprobarea mecanismului de monitorizare a Zonei de Securitate privind asigurarea liberei circula\u021bii, propunerile fiind respinse repetat de componenta transnistrean\u0103.<\/p>\n<p>\u00cen cadrul \u0219edin\u021bei, Comisia a apreciat pozitiv reluarea (de la 04.12.2018) activit\u0103\u021bii grupurilor de lucru pe problema posturilor \u0219i a organelor de drept din ora\u0219ul Bender, dup\u0103 o pauz\u0103 de circa un an \u0219i jum\u0103tate. De men\u021bionat c\u0103, la reuniunile de referin\u021b\u0103 ale grupurilor de lucru men\u021bionate, au fost trecute \u00een revist\u0103 subiectele nesolu\u021bionate, iar p\u0103r\u021bile \u0219i-au expus propunerile \u0219i priorit\u0103\u021bile ce urmeaz\u0103 a fi discutate la \u00eentrevederile ulterioare.<\/p>\n<p>&nbsp;<\/p>\n<p>Delega\u021bia Republicii Moldova \u00een Comisia Unificat\u0103 de Control<\/p>\n<p>&nbsp;<\/p>\n<p>Sursa:\u00a0<a href=\"https:\/\/gov.md\/ro\/content\/problemele-nesolutionate-din-zona-de-securitate-raman-atentia-delegatiei-chisinaului-comisia\">https:\/\/gov.md\/<\/a><\/p>\n","protected":false},"excerpt":{"rendered":"<p>La data de 6 decembrie s-a desf\u0103\u0219urat \u0219edin\u021ba Comisiei Unificate de Control condus\u0103 de c\u0103tre delega\u021bia regiunii transnistrene. Aspectele care au creat disensiuni majore la \u00eentrevederile precedente nu au fost incluse de c\u0103tre delega\u021bia transnistrean\u0103 \u00een proiectul ordinii de zi, fiind examinate subiectele am\u00e2nate anterior. Astfel, s-a luat act de raportul s\u0103pt\u0103m\u00e2nal al Comandamentului Militar&#8230;<\/p>\n","protected":false},"author":2,"featured_media":0,"comment_status":"closed","ping_status":"open","sticky":false,"template":"","format":"standard","meta":[],"categories":[1],"tags":[],"_links":{"self":[{"href":"https:\/\/centers.ulbsibiu.ro\/ccsprise\/lact\/wp-json\/wp\/v2\/posts\/5670"}],"collection":[{"href":"https:\/\/centers.ulbsibiu.ro\/ccsprise\/lact\/wp-json\/wp\/v2\/posts"}],"about":[{"href":"https:\/\/centers.ulbsibiu.ro\/ccsprise\/lact\/wp-json\/wp\/v2\/types\/post"}],"author":[{"embeddable":true,"href":"https:\/\/centers.ulbsibiu.ro\/ccsprise\/lact\/wp-json\/wp\/v2\/users\/2"}],"replies":[{"embeddable":true,"href":"https:\/\/centers.ulbsibiu.ro\/ccsprise\/lact\/wp-json\/wp\/v2\/comments?post=5670"}],"version-history":[{"count":1,"href":"https:\/\/centers.ulbsibiu.ro\/ccsprise\/lact\/wp-json\/wp\/v2\/posts\/5670\/revisions"}],"predecessor-version":[{"id":5671,"href":"https:\/\/centers.ulbsibiu.ro\/ccsprise\/lact\/wp-json\/wp\/v2\/posts\/5670\/revisions\/5671"}],"wp:attachment":[{"href":"https:\/\/centers.ulbsibiu.ro\/ccsprise\/lact\/wp-json\/wp\/v2\/media?parent=5670"}],"wp:term":[{"taxonomy":"category","embeddable":true,"href":"https:\/\/centers.ulbsibiu.ro\/ccsprise\/lact\/wp-json\/wp\/v2\/categories?post=5670"},{"taxonomy":"post_tag","embeddable":true,"href":"https:\/\/centers.ulbsibiu.ro\/ccsprise\/lact\/wp-json\/wp\/v2\/tags?post=5670"}],"curies":[{"name":"wp","href":"https:\/\/api.w.org\/{rel}","templated":true}]}}