{"id":5666,"date":"2018-12-06T20:52:29","date_gmt":"2018-12-06T18:52:29","guid":{"rendered":"https:\/\/centers.ulbsibiu.ro\/ccsprise\/lact\/?p=5666"},"modified":"2018-12-06T20:52:29","modified_gmt":"2018-12-06T18:52:29","slug":"deschide-md-tiraspol-daca-il-vorbesti-de-rau-pe-krasnoselsky-ajungi-la-inchisoare","status":"publish","type":"post","link":"https:\/\/centers.ulbsibiu.ro\/ccsprise\/lact\/deschide-md-tiraspol-daca-il-vorbesti-de-rau-pe-krasnoselsky-ajungi-la-inchisoare\/","title":{"rendered":"Deschide.md &#8211; Tiraspol; Dac\u0103 \u00eel vorbe\u0219ti de r\u0103u pe Krasnoselsky, ajungi la \u00eenchisoare"},"content":{"rendered":"<p>A\u0219a numitele autorit\u0103\u021bi separatiste de la Tiraspol vor s\u0103 amendeze Legea cu privire la def\u0103imare. Sunt propuse o serie de modific\u0103ri ce prev\u0103d amenzi \u0219i chiar pu\u0219c\u0103rie pentru cei care \u00eel vor \u00eenjura pe liderul separatist de la Tiraspol.<br \/>\n\u201e\u00cenjurarea sau def\u0103imarea \u00een public a pre\u0219edintelui RMN \u00een timpul mandatului se pedepse\u0219te cu o amend\u0103 de la 350 p\u00e2n\u0103 la 700 de unit\u0103\u021bi conven\u021bionale sau cu munc\u0103 neremunerat\u0103 \u00een folosul comunit\u0103\u021bii pe o perioad\u0103 de la 180 la 240 de ore, ori chiar cu \u00eenchisoare de p\u00e2n\u0103 la 5 ani\u201d, scrie dnestr.tv.<br \/>\nProiectul \u00eenc\u0103 nu a fost votat, dar, \u00een perioada urm\u0103toare, urmeaz\u0103 s\u0103 fie discutat de c\u0103tre a\u0219a-zi\u0219ii deputa\u021bi ai Sovietului Suprem de la Tiraspol.<br \/>\nSeparati\u0219tii din st\u00e2nga Nistrului \u00eencearc\u0103 mereu s\u0103 copieze Federa\u021bia Rus\u0103, care este campioan\u0103 la capitolul condamn\u0103rilor pentru post\u0103ri pe re\u021belele de socializare contra regimului de la Kremlin.<\/p>\n<p>Sursa:\u00a0<a href=\"https:\/\/deschide.md\/ro\/stiri\/externe\/40829\/Tiraspol;-Dac\u0103-\u00eel-vorbe\u0219ti-de-r\u0103u-pe-Krasnoselsky-ajungi-la-\u00eenchisoare.htm\">https:\/\/deschide.md\/<\/a><\/p>\n","protected":false},"excerpt":{"rendered":"<p>A\u0219a numitele autorit\u0103\u021bi separatiste de la Tiraspol vor s\u0103 amendeze Legea cu privire la def\u0103imare. Sunt propuse o serie de modific\u0103ri ce prev\u0103d amenzi \u0219i chiar pu\u0219c\u0103rie pentru cei care \u00eel vor \u00eenjura pe liderul separatist de la Tiraspol. \u201e\u00cenjurarea sau def\u0103imarea \u00een public a pre\u0219edintelui RMN \u00een timpul mandatului se pedepse\u0219te cu o amend\u0103&#8230;<\/p>\n","protected":false},"author":2,"featured_media":0,"comment_status":"closed","ping_status":"open","sticky":false,"template":"","format":"standard","meta":[],"categories":[1],"tags":[],"_links":{"self":[{"href":"https:\/\/centers.ulbsibiu.ro\/ccsprise\/lact\/wp-json\/wp\/v2\/posts\/5666"}],"collection":[{"href":"https:\/\/centers.ulbsibiu.ro\/ccsprise\/lact\/wp-json\/wp\/v2\/posts"}],"about":[{"href":"https:\/\/centers.ulbsibiu.ro\/ccsprise\/lact\/wp-json\/wp\/v2\/types\/post"}],"author":[{"embeddable":true,"href":"https:\/\/centers.ulbsibiu.ro\/ccsprise\/lact\/wp-json\/wp\/v2\/users\/2"}],"replies":[{"embeddable":true,"href":"https:\/\/centers.ulbsibiu.ro\/ccsprise\/lact\/wp-json\/wp\/v2\/comments?post=5666"}],"version-history":[{"count":1,"href":"https:\/\/centers.ulbsibiu.ro\/ccsprise\/lact\/wp-json\/wp\/v2\/posts\/5666\/revisions"}],"predecessor-version":[{"id":5667,"href":"https:\/\/centers.ulbsibiu.ro\/ccsprise\/lact\/wp-json\/wp\/v2\/posts\/5666\/revisions\/5667"}],"wp:attachment":[{"href":"https:\/\/centers.ulbsibiu.ro\/ccsprise\/lact\/wp-json\/wp\/v2\/media?parent=5666"}],"wp:term":[{"taxonomy":"category","embeddable":true,"href":"https:\/\/centers.ulbsibiu.ro\/ccsprise\/lact\/wp-json\/wp\/v2\/categories?post=5666"},{"taxonomy":"post_tag","embeddable":true,"href":"https:\/\/centers.ulbsibiu.ro\/ccsprise\/lact\/wp-json\/wp\/v2\/tags?post=5666"}],"curies":[{"name":"wp","href":"https:\/\/api.w.org\/{rel}","templated":true}]}}