{"id":5659,"date":"2018-12-05T18:12:40","date_gmt":"2018-12-05T16:12:40","guid":{"rendered":"https:\/\/centers.ulbsibiu.ro\/ccsprise\/lact\/?p=5659"},"modified":"2018-12-05T18:12:40","modified_gmt":"2018-12-05T16:12:40","slug":"infotag-md-tiraspolul-este-optimist-in-privinta-reluarii-cooperarii-sistemelor-de-comunicatii-intre-cele-doua-maluri-ale-nistrului","status":"publish","type":"post","link":"https:\/\/centers.ulbsibiu.ro\/ccsprise\/lact\/infotag-md-tiraspolul-este-optimist-in-privinta-reluarii-cooperarii-sistemelor-de-comunicatii-intre-cele-doua-maluri-ale-nistrului\/","title":{"rendered":"Infotag.md &#8211; TIRASPOLUL ESTE OPTIMIST \u00ceN PRIVIN\u0162A RELU\u0102RII COOPER\u0102RII SISTEMELOR DE COMUNICA\u0162II \u00ceNTRE CELE DOU\u0102 MALURI ALE NISTRULUI"},"content":{"rendered":"<p>MAE al Transnistriei monitorizeaz\u0103 atent ce face Chi\u0219in\u0103ul pentru a asigura interac\u021biunea sistemelor de telecomunica\u021bii ale celor dou\u0103 maluri ale Nistrului.<\/p>\n<p>Potrivit agen\u0163iei INFOTAG, despre aceasta a comunicat viceministrul de externe al autoproclamatei RMN, Alexandr Ste\u0163iuk, \u00eentr-un interviu acordat unui post de televiziune local.<\/p>\n<p>Printre aspectele pozitive ale \u00eenregistr\u0103rii operatorului transnistrean \u00een Republica Moldova, el a men\u021bionat c\u0103 interconectarea direct\u0103 cu partenerii moldoveni va avea, \u00een primul r\u00e2nd, un efect pozitiv asupra tarifelor actuale pentru serviciile de comunica\u021bii.<\/p>\n<p>\u201eAl doilea efect pozitiv \u00eel constituie posibilitatea operatorului nostru de a utiliza cele mai noi tehnologii, de a \u00eencheia acorduri cu alte state\u201d, a spus Ste\u0163iuk.<\/p>\n<p>El consider\u0103 \u201eabsolut gre\u0219it\u201d faptul c\u0103 autoritatea de reglementare a Moldovei a acordat mai demult licen\u021be pentru \u201eOrange Moldova\u201d \u0219i \u201eMoldcell\u201d de a presta servicii mobile inclusiv pe teritoriul Transnistriei, care are propriul operator, \u201eInterDnestrCom\u201d.<\/p>\n<p>INFOTAG precizeaz\u0103: Pentru implementarea prevederilor deciziei protocolare \u201eCu privire la m\u0103surile de organizare a interac\u021biunii \u00een domeniul telecomunica\u021biilor\u201d, semnat\u0103 la 25 noiembrie 2017 de c\u0103tre Moldova \u0219i Transnistria, Parlamentul a adoptat amendamente la legisla\u021bie. Acestea creeaz\u0103 condi\u021bii pentru promovarea negocierilor privind \u00eenregistrarea \u201eInterDnestrCom\u201d \u00een Moldova \u0219i restabilirea comunica\u0163iei telefonice directe \u00eentre malurile Nistrului.<\/p>\n<p>Problemele \u00een domeniul comunica\u0163iilor \u00eentre Moldova \u0219i Transnistria sunt de mai mul\u021bi ani. Acestea \u0163in de faptul c\u0103 Transnistria nu a fost de acord cu planul de numerotare propus de Chi\u0219in\u0103u \u0219i a introdus propriul s\u0103u plan. \u00cen consecin\u021b\u0103, comunica\u0163iile telefonice directe au fost \u00eentrerupte \u0219i este efectuat\u0103 de c\u00e2\u021biva ani prin intermediul operatorilor str\u0103ini. Acela\u0219i lucru se refer\u0103 \u015fi la telefonia mobil\u0103, unde operatorii din regiune \u0219i din restul Moldovei \u00ee\u015fi creeaz\u0103 reciproc probleme din cauza ne\u00een\u0163elegerilor.<\/p>\n<p>Sursa:\u00a0<a href=\"http:\/\/www.infotag.md\/rebelion-ro\/269981\/\">http:\/\/www.infotag.md\/<\/a><\/p>\n","protected":false},"excerpt":{"rendered":"<p>MAE al Transnistriei monitorizeaz\u0103 atent ce face Chi\u0219in\u0103ul pentru a asigura interac\u021biunea sistemelor de telecomunica\u021bii ale celor dou\u0103 maluri ale Nistrului. Potrivit agen\u0163iei INFOTAG, despre aceasta a comunicat viceministrul de externe al autoproclamatei RMN, Alexandr Ste\u0163iuk, \u00eentr-un interviu acordat unui post de televiziune local. Printre aspectele pozitive ale \u00eenregistr\u0103rii operatorului transnistrean \u00een Republica Moldova, el&#8230;<\/p>\n","protected":false},"author":2,"featured_media":0,"comment_status":"closed","ping_status":"open","sticky":false,"template":"","format":"standard","meta":[],"categories":[1],"tags":[],"_links":{"self":[{"href":"https:\/\/centers.ulbsibiu.ro\/ccsprise\/lact\/wp-json\/wp\/v2\/posts\/5659"}],"collection":[{"href":"https:\/\/centers.ulbsibiu.ro\/ccsprise\/lact\/wp-json\/wp\/v2\/posts"}],"about":[{"href":"https:\/\/centers.ulbsibiu.ro\/ccsprise\/lact\/wp-json\/wp\/v2\/types\/post"}],"author":[{"embeddable":true,"href":"https:\/\/centers.ulbsibiu.ro\/ccsprise\/lact\/wp-json\/wp\/v2\/users\/2"}],"replies":[{"embeddable":true,"href":"https:\/\/centers.ulbsibiu.ro\/ccsprise\/lact\/wp-json\/wp\/v2\/comments?post=5659"}],"version-history":[{"count":1,"href":"https:\/\/centers.ulbsibiu.ro\/ccsprise\/lact\/wp-json\/wp\/v2\/posts\/5659\/revisions"}],"predecessor-version":[{"id":5660,"href":"https:\/\/centers.ulbsibiu.ro\/ccsprise\/lact\/wp-json\/wp\/v2\/posts\/5659\/revisions\/5660"}],"wp:attachment":[{"href":"https:\/\/centers.ulbsibiu.ro\/ccsprise\/lact\/wp-json\/wp\/v2\/media?parent=5659"}],"wp:term":[{"taxonomy":"category","embeddable":true,"href":"https:\/\/centers.ulbsibiu.ro\/ccsprise\/lact\/wp-json\/wp\/v2\/categories?post=5659"},{"taxonomy":"post_tag","embeddable":true,"href":"https:\/\/centers.ulbsibiu.ro\/ccsprise\/lact\/wp-json\/wp\/v2\/tags?post=5659"}],"curies":[{"name":"wp","href":"https:\/\/api.w.org\/{rel}","templated":true}]}}