{"id":5641,"date":"2018-11-30T18:40:05","date_gmt":"2018-11-30T16:40:05","guid":{"rendered":"https:\/\/centers.ulbsibiu.ro\/ccsprise\/lact\/?p=5641"},"modified":"2018-11-30T18:40:05","modified_gmt":"2018-11-30T16:40:05","slug":"infotag-md-liderul-de-la-tiraspol-nu-vede-alternative-pentru-negocierile-cu-moldova","status":"publish","type":"post","link":"https:\/\/centers.ulbsibiu.ro\/ccsprise\/lact\/infotag-md-liderul-de-la-tiraspol-nu-vede-alternative-pentru-negocierile-cu-moldova\/","title":{"rendered":"Infotag.md &#8211; LIDERUL DE LA TIRASPOL NU VEDE ALTERNATIVE PENTRU NEGOCIERILE CU MOLDOVA"},"content":{"rendered":"<p>Transnistria r\u0103m\u00e2ne loial\u0103 principiului construirii unor rela\u021bii de bun\u0103 vecin\u0103tate cu Moldova, Ucraina \u0219i Rusia, deoarece \u201epentru procesul de negocieri nu exist\u0103 alternativ\u0103\u201d. Despre aceasta a fost declarat de pre\u0219edintele autoproclamatei RMN, Vadim Krasnoselski, joi la Adunarea Consultativ\u0103 a primilor deputa\u021bi transnistreni.<\/p>\n<p>Potrivit agen\u0163iei INFOTAG cu referire la site-ul liderului de la Tiraspol, el a subliniat c\u0103 Transnistria este \u201eun stat iubitor de pace, lupt\u0103 pentru pace \u0219i este gata s\u0103 o apere\u201d.<\/p>\n<p>Referindu-se la formatul de negocieri \u201e5+2\u201d, Krasnoselski a spus c\u0103 platforma activeaz\u0103 \u015fi a amintit de acordurile \u0219i progresele \u00eenregistrate \u00een solu\u021bionarea problemelor care r\u0103m\u00e2n actuale.<\/p>\n<p>\u201eAcum se rezolv\u0103 problema telecomunica\u021biilor. Abord\u0103m problema privind cauzele penale motivate politic \u00eempotriva cet\u0103\u021benilor RMN, privind deblocarea c\u0103ii ferate la sta\u0163ia Slobodka, iar pe ordinea de zi sunt chestiuni privind sectorul bancar. Procesul a pornit \u0219i exist\u0103 mi\u0219care de ambele p\u0103r\u021bi. Nu vor exista niciun fel de concesii, c\u0103 asigur. Iar venirea \u00een \u00eent\u00e2mpinare unui altuia, bine\u00een\u021beles, este un compromis bun pentru solu\u0163ionarea problemelor de care depinde via\u021ba oamenilor simpli\u201d, a spus el.<\/p>\n<p>Potrivit lui, a\u0219a-numitul \u201eco\u015ful al treilea co\u0219\u201d (politic) nu este actualmente examinat.<\/p>\n<p>\u201eConducerea \u021b\u0103rii urmeaz\u0103 cursul stabilit de popor la referendumul din 2006 \u2013 dob\u00e2ndirea independen\u021bei \u0219i integrarea ulterioar\u0103 \u00een Rusia\u201d, a spus Krasnoselski.<\/p>\n<p>\u00cen opinia sa, \u201esitua\u021bia intern\u0103 \u00een republic\u0103 este stabil\u0103, iar cheia acestei stabilit\u0103\u021bi este unitatea poporului transnistrean\u201d.<\/p>\n<p>\u201e\u0218i at\u00e2ta timp c\u00e2t aceast\u0103 unitate va fi p\u0103strat\u0103, republica noastr\u0103 va tr\u0103i\u201d, a spus pre\u0219edintele cu \u00eencredere.<\/p>\n<p>Sursa:\u00a0<a href=\"http:\/\/www.infotag.md\/rebelion-ro\/269773\/\">http:\/\/www.infotag.md\/<\/a><\/p>\n","protected":false},"excerpt":{"rendered":"<p>Transnistria r\u0103m\u00e2ne loial\u0103 principiului construirii unor rela\u021bii de bun\u0103 vecin\u0103tate cu Moldova, Ucraina \u0219i Rusia, deoarece \u201epentru procesul de negocieri nu exist\u0103 alternativ\u0103\u201d. Despre aceasta a fost declarat de pre\u0219edintele autoproclamatei RMN, Vadim Krasnoselski, joi la Adunarea Consultativ\u0103 a primilor deputa\u021bi transnistreni. Potrivit agen\u0163iei INFOTAG cu referire la site-ul liderului de la Tiraspol, el a&#8230;<\/p>\n","protected":false},"author":2,"featured_media":0,"comment_status":"closed","ping_status":"open","sticky":false,"template":"","format":"standard","meta":[],"categories":[1],"tags":[],"_links":{"self":[{"href":"https:\/\/centers.ulbsibiu.ro\/ccsprise\/lact\/wp-json\/wp\/v2\/posts\/5641"}],"collection":[{"href":"https:\/\/centers.ulbsibiu.ro\/ccsprise\/lact\/wp-json\/wp\/v2\/posts"}],"about":[{"href":"https:\/\/centers.ulbsibiu.ro\/ccsprise\/lact\/wp-json\/wp\/v2\/types\/post"}],"author":[{"embeddable":true,"href":"https:\/\/centers.ulbsibiu.ro\/ccsprise\/lact\/wp-json\/wp\/v2\/users\/2"}],"replies":[{"embeddable":true,"href":"https:\/\/centers.ulbsibiu.ro\/ccsprise\/lact\/wp-json\/wp\/v2\/comments?post=5641"}],"version-history":[{"count":1,"href":"https:\/\/centers.ulbsibiu.ro\/ccsprise\/lact\/wp-json\/wp\/v2\/posts\/5641\/revisions"}],"predecessor-version":[{"id":5642,"href":"https:\/\/centers.ulbsibiu.ro\/ccsprise\/lact\/wp-json\/wp\/v2\/posts\/5641\/revisions\/5642"}],"wp:attachment":[{"href":"https:\/\/centers.ulbsibiu.ro\/ccsprise\/lact\/wp-json\/wp\/v2\/media?parent=5641"}],"wp:term":[{"taxonomy":"category","embeddable":true,"href":"https:\/\/centers.ulbsibiu.ro\/ccsprise\/lact\/wp-json\/wp\/v2\/categories?post=5641"},{"taxonomy":"post_tag","embeddable":true,"href":"https:\/\/centers.ulbsibiu.ro\/ccsprise\/lact\/wp-json\/wp\/v2\/tags?post=5641"}],"curies":[{"name":"wp","href":"https:\/\/api.w.org\/{rel}","templated":true}]}}