{"id":5639,"date":"2018-11-30T18:37:24","date_gmt":"2018-11-30T16:37:24","guid":{"rendered":"https:\/\/centers.ulbsibiu.ro\/ccsprise\/lact\/?p=5639"},"modified":"2018-11-30T18:37:24","modified_gmt":"2018-11-30T16:37:24","slug":"gov-md-noi-disensiuni-in-comisia-unificata-de-control","status":"publish","type":"post","link":"https:\/\/centers.ulbsibiu.ro\/ccsprise\/lact\/gov-md-noi-disensiuni-in-comisia-unificata-de-control\/","title":{"rendered":"Gov.md &#8211; Noi disensiuni \u00een Comisia Unificat\u0103 de Control"},"content":{"rendered":"<p>La data de 29 noiembrie s-a desf\u0103\u0219urat \u0219edin\u021ba Comisiei Unificate de Control condus\u0103 de c\u0103tre delega\u021bia Federa\u021biei Ruse.<\/p>\n<p>\u00cen cadrul \u00eentrevederii au fost examinate un \u0219ir de subiecte ce \u021bin de activitatea \u0219i asigurarea logistic\u0103 a posturilor de pacificare, precum \u0219i implementarea protocoalelor semnate anterior de c\u0103tre p\u0103r\u021bi.<\/p>\n<p>Totodat\u0103, pe durata discu\u021biilor cu privire la formarea ordinii de zi, delega\u021bia Republicii Moldova \u0219i cea a regiunii transnistrene nu au ajuns la un consens pe marginea subiectelor importante. Disensiunile vizeaz\u0103 cu prec\u0103dere mecanismul de monitorizare a Zonei de Securitate, dar \u0219i a\u0219a-numitul \u201ecentru militar de preg\u0103tire \u0219i instruire a subofi\u021berilor transnistreni\u201d, dislocat \u00een cetatea Bender, la care Tiraspolul nu permite accesul membrilor Comisiei pentru a efectua un control.<\/p>\n<p>Astfel, propunerea delega\u021biei moldovene\u0219ti, agreat\u0103 anterior de c\u0103tre reprezentantul Federa\u021biei Ruse, de a implementa propriu-zis prevederile protocolului semnat de p\u0103r\u021bi \u00een vederea \u00eembun\u0103t\u0103\u021birii procedurilor de observare \u00een Zona de Securitate, nu a fost sus\u021binut\u0103 de conduc\u0103torul delega\u021biei transnistrene.<\/p>\n<p>De asemenea, nu s-a ajuns la un numitor comun \u00een cazul institu\u021biilor penitenciare amplasate \u00een or. Bender, aflate \u00een subordinea Administra\u021biei Na\u021bionale a Penitenciarelor. Delega\u021bia Republicii Moldova a men\u021bionat blocarea activit\u0103\u021bii acestora de c\u0103tre reprezenta\u021bii administra\u021biei de la Tiraspol prin deconectarea de la energia electric\u0103, ap\u0103 potabil\u0103, agentul termic \u0219i canalizare. Pe de alt\u0103 parte, delega\u021bia transnistrean\u0103, \u00een mod repetat, a enun\u021bat revizuirea unor aspecte legate de caracterul periculos al institu\u021biei, prin includerea unor date eronate ce \u021bin de pretinsa prezen\u021b\u0103 a unor focare de infec\u021bie, contrazise anterior de raportul Organiza\u021biei Mondiale a S\u0103n\u0103t\u0103\u021bii, comunicat tuturor p\u0103r\u021bilor interesate.<\/p>\n<p>Pe parcurs, delega\u021bia Republicii Moldova a reiterat disponibilitatea autorit\u0103\u021bilor constitu\u021bionale de preluare integral\u0103 a asigur\u0103rii logistice a postului nr. 9 (st\u00e2ng) de pe podul peste Nistru \u00een preajma or. Vadul-lui-Vod\u0103. Partea transnistrean\u0103 s-a opus acestei propuneri.<\/p>\n<p>Totodat\u0103, au fost audia\u021bi reprezentan\u021bii p\u0103r\u021bilor \u00een Comandamentul Militar \u00centrunit cu privire la evolu\u021biile \u00eenregistrate pe aspectele legate de activitatea posturilor de pacificare. \u00cen aceast\u0103 direc\u021bie, Comisia a constatat faptul existen\u021bei unui dialog consistent.<\/p>\n<p>\u00cen cadrul aceleia\u0219i \u0219edin\u021be Comisia l-a confirmat \u00een calitate de observator militar din partea Federa\u021biei Ruse pe maiorul Cambarov \u0219i a aprobat raportul s\u0103pt\u0103m\u00e2nal privind situa\u021bia \u00een Zona de Securitate pentru perioada 21-27 noiembrie 2018.<\/p>\n<p>&nbsp;<\/p>\n<p>Delega\u021bia Republicii Moldova \u00een Comisia Unificat\u0103 de Control<\/p>\n<p>&nbsp;<\/p>\n<p>Sursa:\u00a0<a href=\"https:\/\/gov.md\/ro\/content\/noi-disensiuni-comisia-unificata-de-control\">https:\/\/gov.md\/<\/a><\/p>\n","protected":false},"excerpt":{"rendered":"<p>La data de 29 noiembrie s-a desf\u0103\u0219urat \u0219edin\u021ba Comisiei Unificate de Control condus\u0103 de c\u0103tre delega\u021bia Federa\u021biei Ruse. \u00cen cadrul \u00eentrevederii au fost examinate un \u0219ir de subiecte ce \u021bin de activitatea \u0219i asigurarea logistic\u0103 a posturilor de pacificare, precum \u0219i implementarea protocoalelor semnate anterior de c\u0103tre p\u0103r\u021bi. Totodat\u0103, pe durata discu\u021biilor cu privire la&#8230;<\/p>\n","protected":false},"author":2,"featured_media":0,"comment_status":"closed","ping_status":"open","sticky":false,"template":"","format":"standard","meta":[],"categories":[1],"tags":[],"_links":{"self":[{"href":"https:\/\/centers.ulbsibiu.ro\/ccsprise\/lact\/wp-json\/wp\/v2\/posts\/5639"}],"collection":[{"href":"https:\/\/centers.ulbsibiu.ro\/ccsprise\/lact\/wp-json\/wp\/v2\/posts"}],"about":[{"href":"https:\/\/centers.ulbsibiu.ro\/ccsprise\/lact\/wp-json\/wp\/v2\/types\/post"}],"author":[{"embeddable":true,"href":"https:\/\/centers.ulbsibiu.ro\/ccsprise\/lact\/wp-json\/wp\/v2\/users\/2"}],"replies":[{"embeddable":true,"href":"https:\/\/centers.ulbsibiu.ro\/ccsprise\/lact\/wp-json\/wp\/v2\/comments?post=5639"}],"version-history":[{"count":1,"href":"https:\/\/centers.ulbsibiu.ro\/ccsprise\/lact\/wp-json\/wp\/v2\/posts\/5639\/revisions"}],"predecessor-version":[{"id":5640,"href":"https:\/\/centers.ulbsibiu.ro\/ccsprise\/lact\/wp-json\/wp\/v2\/posts\/5639\/revisions\/5640"}],"wp:attachment":[{"href":"https:\/\/centers.ulbsibiu.ro\/ccsprise\/lact\/wp-json\/wp\/v2\/media?parent=5639"}],"wp:term":[{"taxonomy":"category","embeddable":true,"href":"https:\/\/centers.ulbsibiu.ro\/ccsprise\/lact\/wp-json\/wp\/v2\/categories?post=5639"},{"taxonomy":"post_tag","embeddable":true,"href":"https:\/\/centers.ulbsibiu.ro\/ccsprise\/lact\/wp-json\/wp\/v2\/tags?post=5639"}],"curies":[{"name":"wp","href":"https:\/\/api.w.org\/{rel}","templated":true}]}}