{"id":5637,"date":"2018-11-28T19:52:42","date_gmt":"2018-11-28T17:52:42","guid":{"rendered":"https:\/\/centers.ulbsibiu.ro\/ccsprise\/lact\/?p=5637"},"modified":"2018-11-28T19:52:42","modified_gmt":"2018-11-28T17:52:42","slug":"noi-md-locul-urmatoarei-provocari-a-lui-porosenko-ar-putea-deveni-transnistria","status":"publish","type":"post","link":"https:\/\/centers.ulbsibiu.ro\/ccsprise\/lact\/noi-md-locul-urmatoarei-provocari-a-lui-porosenko-ar-putea-deveni-transnistria\/","title":{"rendered":"Noi.md &#8211; Locul urm\u0103toarei provoc\u0103ri a lui Poro\u015fenko ar putea deveni Transnistria?"},"content":{"rendered":"<p>Transnistria, unde s\u00eent dislocate for\u0163ele de men\u021binere a p\u0103cii din Rusia, va deveni locul unei noi provoc\u0103ri din partea autorit\u0103\u021bilor ucrainene, iar incidentul va avea urm\u0103ri mult mai tragice dec\u00eet incidentul din str\u00eemtoarea Kerci.O astfel de prognoz\u0103 a fost expus\u0103 pentru &#8220;PolitNavigator&#8221; de observatorul politic de la Kiev, Anton Rosenvayn, care a aten\u021bionat asupra faptului c\u0103 starea de r\u0103zboi nu \u00eent\u00eempl\u0103tor a fost introdus\u0103 \u015fi \u00een regiunea Vinni\u0163a, transmite Noi.md.Interlocutorul a explicat c\u0103, spre deosebire de Odessa, regiunea Vinni\u0163a are o \u00eentindere minim\u0103 a grani\u021bei cu Transnistria, \u00eens\u0103 este considerat\u0103 a fi o ocin\u0103 a clanului pre\u0219edintelui Ucrainei, Petro Poro\u0219enko. Potrivit jurnalistului, \u201eexist\u0103 un anumit consens c\u0103 scopul principal al lui Petro Poro\u0219enko prevede men\u0163inerea sa la putere cu orice pre\u021b. Respectiv, anularea alegerilor, ceea ce \u00eei va oferi o \u0219ans\u0103 de a p\u0103stra puterea, \u00een ciuda ratingului s\u0103u sc\u0103zut&#8221;.<\/p>\n<p>Starea de r\u0103zboi din regiunea Vinni\u0163a deschide o fereastr\u0103 de oportunit\u0103\u0163i pentru nenum\u0103rate provoc\u0103ri \u00eempotriva Republicii Moldovene\u015fti Nistrene \u0219i, \u00een special, a contingentului rus aflat pe teritoriul s\u0103u.<\/p>\n<p>Jurnalistul consider\u0103 c\u0103 episodul produs \u00een str\u00eemtoarea Kerci, plus la toate, poate fi privit ca o \u00eencercare de a testa reac\u021bia interna\u021bional\u0103 vizavi de situa\u021bia din regiunile litigioase \u0219i disponibilitatea Occidentului de a sprijini Ucraina \u00een eventualitatea unui conflict cu Rusia \u00een privin\u021ba unor astfel de teritorii.<\/p>\n<p>Anton Rosenvayn consider\u0103 c\u0103, pentru a organiza provoc\u0103ri de o amploare mai mare la grani\u021ba cu Transnistria, Petro Poro\u0219enko poate folosi un num\u0103r imens de metode, inclusiv s\u0103 foloseasc\u0103 sprijinul din partea Moldovei.<\/p>\n<p>Potrivit lui, este evident c\u0103, \u00een eventualitatea unui atac comun al Ucrainei \u0219i Republicii Moldova asupra RMN nerecunoscute \u0219i a contingentului militar rus, situa\u021bia ar fi net diferit\u0103 de situa\u021bia din Osetia de Sud. Aici, contingentul militar rus nu are un spate, pe de o parte \u0219i, pe de alt\u0103 parte, nu are un statut interna\u021bional echivalent, deoarece a fost lipsit, efectiv, de acest statut \u00een septembrie, 2018, c\u00eend Adunarea General\u0103 a ONU a adoptat o rezolu\u021bie privind retragerea trupelor str\u0103ine din Moldova .<\/p>\n<p>Cite\u0219te mai mult: <a href=\"https:\/\/noi.md\/politica\/locul-urmatoarei-provocari-a-lui-porosenko-ar-putea-deveni-transnistria?fbclid=IwAR2yZWy8yZjoIylElgLUjxuRb5ljW2m_XPI6C4zOCfQCE_BB3gsbDHPC0Fk\">https:\/\/noi.md\/politica\/locul-urmatoarei-provocari-a-lui-porosenko-ar-putea-deveni-transnistria?fbclid=IwAR2yZWy8yZjoIylElgLUjxuRb5ljW2m_XPI6C4zOCfQCE_BB3gsbDHPC0Fk<\/a><br \/>\nFacebook: <a href=\"https:\/\/www.facebook.com\/NOI.md\/\">NOI.md<\/a> | Odnoklassniki: <a href=\"https:\/\/www.ok.ru\/noi.moldova\">Noi.Moldova<\/a><\/p>\n","protected":false},"excerpt":{"rendered":"<p>Transnistria, unde s\u00eent dislocate for\u0163ele de men\u021binere a p\u0103cii din Rusia, va deveni locul unei noi provoc\u0103ri din partea autorit\u0103\u021bilor ucrainene, iar incidentul va avea urm\u0103ri mult mai tragice dec\u00eet incidentul din str\u00eemtoarea Kerci.O astfel de prognoz\u0103 a fost expus\u0103 pentru &#8220;PolitNavigator&#8221; de observatorul politic de la Kiev, Anton Rosenvayn, care a aten\u021bionat asupra faptului&#8230;<\/p>\n","protected":false},"author":2,"featured_media":0,"comment_status":"closed","ping_status":"open","sticky":false,"template":"","format":"standard","meta":[],"categories":[1],"tags":[],"_links":{"self":[{"href":"https:\/\/centers.ulbsibiu.ro\/ccsprise\/lact\/wp-json\/wp\/v2\/posts\/5637"}],"collection":[{"href":"https:\/\/centers.ulbsibiu.ro\/ccsprise\/lact\/wp-json\/wp\/v2\/posts"}],"about":[{"href":"https:\/\/centers.ulbsibiu.ro\/ccsprise\/lact\/wp-json\/wp\/v2\/types\/post"}],"author":[{"embeddable":true,"href":"https:\/\/centers.ulbsibiu.ro\/ccsprise\/lact\/wp-json\/wp\/v2\/users\/2"}],"replies":[{"embeddable":true,"href":"https:\/\/centers.ulbsibiu.ro\/ccsprise\/lact\/wp-json\/wp\/v2\/comments?post=5637"}],"version-history":[{"count":1,"href":"https:\/\/centers.ulbsibiu.ro\/ccsprise\/lact\/wp-json\/wp\/v2\/posts\/5637\/revisions"}],"predecessor-version":[{"id":5638,"href":"https:\/\/centers.ulbsibiu.ro\/ccsprise\/lact\/wp-json\/wp\/v2\/posts\/5637\/revisions\/5638"}],"wp:attachment":[{"href":"https:\/\/centers.ulbsibiu.ro\/ccsprise\/lact\/wp-json\/wp\/v2\/media?parent=5637"}],"wp:term":[{"taxonomy":"category","embeddable":true,"href":"https:\/\/centers.ulbsibiu.ro\/ccsprise\/lact\/wp-json\/wp\/v2\/categories?post=5637"},{"taxonomy":"post_tag","embeddable":true,"href":"https:\/\/centers.ulbsibiu.ro\/ccsprise\/lact\/wp-json\/wp\/v2\/tags?post=5637"}],"curies":[{"name":"wp","href":"https:\/\/api.w.org\/{rel}","templated":true}]}}