{"id":5631,"date":"2018-11-26T09:48:27","date_gmt":"2018-11-26T07:48:27","guid":{"rendered":"https:\/\/centers.ulbsibiu.ro\/ccsprise\/lact\/?p=5631"},"modified":"2018-11-26T09:48:27","modified_gmt":"2018-11-26T07:48:27","slug":"infotag-md-cuc-a-efectuat-un-control-inopinat-la-obiectele-din-zona-de-securitate","status":"publish","type":"post","link":"https:\/\/centers.ulbsibiu.ro\/ccsprise\/lact\/infotag-md-cuc-a-efectuat-un-control-inopinat-la-obiectele-din-zona-de-securitate\/","title":{"rendered":"Infotag.md &#8211; CUC A EFECTUAT UN CONTROL INOPINAT LA OBIECTELE DIN ZONA DE SECURITATE"},"content":{"rendered":"<p>Comisia Unificat\u0103 de Control (CUC) a efectuat \u00een ajun un control inopinat la un \u015fir de obiecte din Zona de Securitate de pe Nistru.<br \/>\nPotrivit agen\u0163iei INFOTAG cu referire la site-ul delega\u0163iei transnistrene la CUC, pe ordinea de zi a noii \u015fedin\u0163e a Comisiei a fost inclus\u0103 preg\u0103tirea pentru turul posturilor de men\u021binere a p\u0103cii pentru a verifica nivelul lor de preg\u0103tire de iarn\u0103. \u00cens\u0103 de\u0219i ini\u021bial monitorizarea trebuia s\u0103 aib\u0103 loc s\u0103pt\u0103m\u00e2na viitoare, la insisten\u021ba p\u0103r\u021bii moldovene\u0219ti, s-a decis ca acest control s\u0103 fie inopinat \u015fi evenimentul a fost planificat pentru joi.<br \/>\nPentru tur au fost selectate obiecte \u00een partea de sud a Zonei de Securitate. La fiecare post, comandantul schimbului a adus \u00een stare de preg\u0103tire blindatele aflate \u00een serviciu. Apoi, oaspe\u021bii au mers \u00een camerele de trai, \u00een s\u0103lile de arme, lu\u00e2nd cuno\u015ftin\u0163\u0103 de modul \u00een care se efectueaz\u0103 comunicarea cu alte obiecte de men\u021binere a p\u0103cii. Ei s-au familiarizat cu preg\u0103tirea tehnic\u0103 \u015fi condi\u021biile pentru personalul militar.<br \/>\n\u201eDecizia privind efectuarea unui tur la posturi a fost una nea\u0219teptat\u0103 \u0219i a devenit un fel de test pentru pacificatorii. Dar am fost pl\u0103cut surprin\u015fi de faptul c\u0103 activitatea militarilor, starea \u00eenc\u0103perilor \u0219i tot ceea ce este necesar pentru serviciu este \u00een stare bun\u0103\u201d, a declarat copre\u0219edintele CUC din partea Transnistriei, Oleg Beleakov.<br \/>\nPotrivit copre\u0219edintelui CUC din partea Federa\u021biei Ruse, Ilia Uvarov, inspectorii s-au convins c\u0103 militarii din toate posturile sunt preg\u0103ti\u021bi pentru serviciu \u00een perioada de iarn\u0103.<br \/>\n\u201eAcest lucru este foarte important. Exist\u0103 o coordonare a activit\u0103\u0163ii, exist\u0103 o \u00een\u021belegere. Suntem foarte mul\u021bumi\u021bi de inspec\u021bia de ast\u0103zi\u201d, a spus el.<br \/>\n\u0218eful delega\u021biei moldovene\u0219ti, Ion Solonenco, consider\u0103 c\u0103 pacificatorii merit\u0103 recuno\u0219tin\u021b\u0103 \u201epentru munca pe care o fac, pentru atitudinea lor fa\u021b\u0103 de \u00eendeplinirea datoriei de serviciu, pentru sim\u021bul responsabilit\u0103\u021bii \u0219i pentru asigurarea p\u0103cii \u0219i ordinii\u201d.<br \/>\n\u00cen viitorul apropiat, reprezentan\u021bii Comandamentului Militar Unit vor inspecta posturile de men\u021binere a p\u0103cii \u015fi alte unit\u0103\u0163i din Zona de Securitate.<\/p>\n<p>Sursa:\u00a0<a href=\"http:\/\/www.infotag.md\/rebelion-ro\/269563\/\">http:\/\/www.infotag.md\/<\/a><\/p>\n","protected":false},"excerpt":{"rendered":"<p>Comisia Unificat\u0103 de Control (CUC) a efectuat \u00een ajun un control inopinat la un \u015fir de obiecte din Zona de Securitate de pe Nistru. Potrivit agen\u0163iei INFOTAG cu referire la site-ul delega\u0163iei transnistrene la CUC, pe ordinea de zi a noii \u015fedin\u0163e a Comisiei a fost inclus\u0103 preg\u0103tirea pentru turul posturilor de men\u021binere a p\u0103cii&#8230;<\/p>\n","protected":false},"author":2,"featured_media":0,"comment_status":"closed","ping_status":"open","sticky":false,"template":"","format":"standard","meta":[],"categories":[1],"tags":[],"_links":{"self":[{"href":"https:\/\/centers.ulbsibiu.ro\/ccsprise\/lact\/wp-json\/wp\/v2\/posts\/5631"}],"collection":[{"href":"https:\/\/centers.ulbsibiu.ro\/ccsprise\/lact\/wp-json\/wp\/v2\/posts"}],"about":[{"href":"https:\/\/centers.ulbsibiu.ro\/ccsprise\/lact\/wp-json\/wp\/v2\/types\/post"}],"author":[{"embeddable":true,"href":"https:\/\/centers.ulbsibiu.ro\/ccsprise\/lact\/wp-json\/wp\/v2\/users\/2"}],"replies":[{"embeddable":true,"href":"https:\/\/centers.ulbsibiu.ro\/ccsprise\/lact\/wp-json\/wp\/v2\/comments?post=5631"}],"version-history":[{"count":1,"href":"https:\/\/centers.ulbsibiu.ro\/ccsprise\/lact\/wp-json\/wp\/v2\/posts\/5631\/revisions"}],"predecessor-version":[{"id":5632,"href":"https:\/\/centers.ulbsibiu.ro\/ccsprise\/lact\/wp-json\/wp\/v2\/posts\/5631\/revisions\/5632"}],"wp:attachment":[{"href":"https:\/\/centers.ulbsibiu.ro\/ccsprise\/lact\/wp-json\/wp\/v2\/media?parent=5631"}],"wp:term":[{"taxonomy":"category","embeddable":true,"href":"https:\/\/centers.ulbsibiu.ro\/ccsprise\/lact\/wp-json\/wp\/v2\/categories?post=5631"},{"taxonomy":"post_tag","embeddable":true,"href":"https:\/\/centers.ulbsibiu.ro\/ccsprise\/lact\/wp-json\/wp\/v2\/tags?post=5631"}],"curies":[{"name":"wp","href":"https:\/\/api.w.org\/{rel}","templated":true}]}}