{"id":5615,"date":"2018-11-20T17:52:36","date_gmt":"2018-11-20T15:52:36","guid":{"rendered":"https:\/\/centers.ulbsibiu.ro\/ccsprise\/lact\/?p=5615"},"modified":"2018-11-20T17:52:36","modified_gmt":"2018-11-20T15:52:36","slug":"gov-md-reprezentantii-managementului-universitar-de-pe-ambele-maluri-ale-nistrului-participa-la-o-vizita-de-studiu-la-secretariatul-procesului-de-la-bologna-din-or-roma-italia","status":"publish","type":"post","link":"https:\/\/centers.ulbsibiu.ro\/ccsprise\/lact\/gov-md-reprezentantii-managementului-universitar-de-pe-ambele-maluri-ale-nistrului-participa-la-o-vizita-de-studiu-la-secretariatul-procesului-de-la-bologna-din-or-roma-italia\/","title":{"rendered":"Gov.md &#8211; Reprezentan\u021bii managementului universitar de pe ambele maluri ale Nistrului particip\u0103 la o vizit\u0103 de studiu la Secretariatul Procesului de la Bologna din or. Roma, Italia"},"content":{"rendered":"<p>\u00cen perioada 20 &#8211; 21 noiembrie 2018, \u00een or. Roma, Italia, are loc o vizit\u0103 de studiu la Secretariatul Procesului de la Bologna \u0219i la o universitate prestigioas\u0103 din Roma, cu participarea reprezentan\u021bilor managementului universitar de pe ambele maluri ale Nistrului. Aceast\u0103 vizit\u0103 este organizat\u0103 de c\u0103tre Consiliul Europei (CoE) \u00een colaborare cu Ministerul Educa\u021biei, Universit\u0103\u021bii \u0219i Cercet\u0103rii al Republicii Italiene. Biroul politici de reintegrare este reprezentat de c\u0103tre Marian Gherman, \u0218eful Biroului.<\/p>\n<p>Evenimentul s-a \u00eencadrat \u00een componenta promov\u0103rii m\u0103surilor de consolidare a \u00eencrederii \u00een contextul implement\u0103rii Planului de ac\u021biuni al Consiliului Europei pentru Republica Moldova 2017-2020, av\u00e2nd drept obiectiv stabilirea dialogului pe subiecte ce \u021bin de spa\u021biul european al \u00eenv\u0103\u021b\u0103m\u00e2ntului superior (Procesul de la Bologna).<\/p>\n<p>La vizita de studiu particip\u0103 c\u00e2te patru reprezentan\u021bi ai managementului universitar de pe fiecare mal al r. Nistru, precum \u0219i c\u00e2te un exponent de la oficiile reprezentan\u021bilor politici \u00een procesul de negocieri pentru reglementarea transnistrean\u0103 din partea Chi\u0219in\u0103ului \u015fi Tiraspolului.<\/p>\n<p>\u00cen cadrul \u00eentrunirilor planificate pe parcursul acestei vizite sunt prev\u0103zute discu\u021bii asupra urm\u0103toarelor tematici: func\u021bionarea Procesului de la Bologna, bilan\u021bul \u0219i planurile de viitor, sistemele de \u00eenv\u0103\u021b\u0103m\u00e2nt de trei niveluri &#8211; avantajele \u0219i implica\u021biile practice pentru implementarea acestora, educa\u021bia calitativ\u0103, etc.<\/p>\n<p>Prin intermediul acestor activit\u0103\u021bi, reprezentan\u021bii managementului universitar de pe ambele maluri ale Nistrului au posibilitatea s\u0103 se familiarizeze cu bunele practici \u00een domeniul de referin\u021b\u0103 care urmeaz\u0103 a fi diseminate \u00een institu\u021biile de \u00eenv\u0103\u021b\u0103m\u00e2nt unde \u00ee\u0219i desf\u0103\u0219oar\u0103 activitatea.<\/p>\n<p>Sursa:\u00a0<a href=\"https:\/\/gov.md\/ro\/content\/reprezentantii-managementului-universitar-de-pe-ambele-maluri-ale-nistrului-participa-la-o\">https:\/\/gov.md<\/a><\/p>\n","protected":false},"excerpt":{"rendered":"<p>\u00cen perioada 20 &#8211; 21 noiembrie 2018, \u00een or. Roma, Italia, are loc o vizit\u0103 de studiu la Secretariatul Procesului de la Bologna \u0219i la o universitate prestigioas\u0103 din Roma, cu participarea reprezentan\u021bilor managementului universitar de pe ambele maluri ale Nistrului. Aceast\u0103 vizit\u0103 este organizat\u0103 de c\u0103tre Consiliul Europei (CoE) \u00een colaborare cu Ministerul Educa\u021biei,&#8230;<\/p>\n","protected":false},"author":2,"featured_media":0,"comment_status":"closed","ping_status":"open","sticky":false,"template":"","format":"standard","meta":[],"categories":[1],"tags":[],"_links":{"self":[{"href":"https:\/\/centers.ulbsibiu.ro\/ccsprise\/lact\/wp-json\/wp\/v2\/posts\/5615"}],"collection":[{"href":"https:\/\/centers.ulbsibiu.ro\/ccsprise\/lact\/wp-json\/wp\/v2\/posts"}],"about":[{"href":"https:\/\/centers.ulbsibiu.ro\/ccsprise\/lact\/wp-json\/wp\/v2\/types\/post"}],"author":[{"embeddable":true,"href":"https:\/\/centers.ulbsibiu.ro\/ccsprise\/lact\/wp-json\/wp\/v2\/users\/2"}],"replies":[{"embeddable":true,"href":"https:\/\/centers.ulbsibiu.ro\/ccsprise\/lact\/wp-json\/wp\/v2\/comments?post=5615"}],"version-history":[{"count":1,"href":"https:\/\/centers.ulbsibiu.ro\/ccsprise\/lact\/wp-json\/wp\/v2\/posts\/5615\/revisions"}],"predecessor-version":[{"id":5616,"href":"https:\/\/centers.ulbsibiu.ro\/ccsprise\/lact\/wp-json\/wp\/v2\/posts\/5615\/revisions\/5616"}],"wp:attachment":[{"href":"https:\/\/centers.ulbsibiu.ro\/ccsprise\/lact\/wp-json\/wp\/v2\/media?parent=5615"}],"wp:term":[{"taxonomy":"category","embeddable":true,"href":"https:\/\/centers.ulbsibiu.ro\/ccsprise\/lact\/wp-json\/wp\/v2\/categories?post=5615"},{"taxonomy":"post_tag","embeddable":true,"href":"https:\/\/centers.ulbsibiu.ro\/ccsprise\/lact\/wp-json\/wp\/v2\/tags?post=5615"}],"curies":[{"name":"wp","href":"https:\/\/api.w.org\/{rel}","templated":true}]}}