{"id":5611,"date":"2018-11-16T20:11:16","date_gmt":"2018-11-16T18:11:16","guid":{"rendered":"https:\/\/centers.ulbsibiu.ro\/ccsprise\/lact\/?p=5611"},"modified":"2018-11-16T20:11:16","modified_gmt":"2018-11-16T18:11:16","slug":"gov-md-comisia-unificata-de-control-a-reluat-examinarea-unor-probleme-cu-impact-asupra-situatiei-in-zona-de-securitate","status":"publish","type":"post","link":"https:\/\/centers.ulbsibiu.ro\/ccsprise\/lact\/gov-md-comisia-unificata-de-control-a-reluat-examinarea-unor-probleme-cu-impact-asupra-situatiei-in-zona-de-securitate\/","title":{"rendered":"Gov.md &#8211; Comisia Unificat\u0103 de Control a reluat examinarea unor probleme cu impact asupra situa\u021biei \u00een Zona de Securitate"},"content":{"rendered":"<p>La data de 15 noiembrie \u00een ora\u0219ul Bender s-a desf\u0103\u0219urat \u0219edin\u021ba ordinar\u0103 a Comisiei Unificate de Control.<br \/>\nLu\u00e2nd \u00een considerare reluarea \u0219edin\u021belor \u00een formatul deplin ce permite evaluarea \u00eendeplinirii angajamentelor asumate de p\u0103r\u021bi, pe agend\u0103 s-au aflat mai multe subiecte legate de incidentele din Zona de Securitate, asupra c\u0103rora anterior nu au fost luate decizii.<br \/>\nDelega\u021bia Republicii Moldova a insistat pentru completarea agendei cu problema ce \u021bine de elaborarea mecanismului de monitorizare a situa\u021biei privind asigurarea liberei circula\u021bii \u00een Zona Securitate. De\u0219i demersul p\u0103r\u021bii moldovene\u0219ti a fost sus\u021binut de reprezentan\u021bii Federa\u021biei Ruse, Ucrainei \u0219i ai OSCE, totu\u0219i, din cauza opunerii delega\u021biei Tiraspolului, decizia nu a fost aprobat\u0103.<br \/>\n\u00cen aceea\u0219i ordine de idei, delega\u021bia Republicii Moldova a continuat eforturile pentru eliminarea a\u0219a-numitor posturi de control ale structurilor transnistrene. \u00cen special, s-a solicitat evacuarea postului de la podul plutitor \u201eCremenciuc-Slobozia\u201d. Partea transnistrean\u0103 a prezentat o pozi\u021bie de \u00eenlocuire a postului sta\u021bionar cu unul mobil, care nu va solu\u021biona \u00een fond problema. Discu\u021biile au fost, \u00een consecin\u021b\u0103, transferate pentru \u00eentrevederea viitoare.<br \/>\nP\u0103r\u021bile au avansat pe direc\u021bia lu\u0103rii unei decizii \u00een privin\u021ba unuia dintre posturile transnistrene amplasate abuziv (\u00een locul unui post de pacificare lichidat \u00een 1999) \u0219i anume cel din preajma localit\u0103\u021bii Zahorna. \u00cen acest scop un grup de lucru creat de Comisia Unificat\u0103 de Control va analiza circumstan\u021bele amplas\u0103rii postului, cu prezentarea propunerilor de rigoare.<br \/>\nComisia a decis reluarea activit\u0103\u021bii grupului de lucru pentru problema posturilor, care va fi coordonat de reprezentan\u021bii Misiunii OSCE \u00een Moldova \u0219i unul sub egida reprezentan\u021bilor Ucrainei \u00een Comisia Unificat\u0103 de Control dedicat problemei organelor de drept amplasate \u00een Zona de Securitate.<br \/>\nPe l\u00e2ng\u0103 acestea, Comisia a luat act de raportul s\u0103pt\u0103m\u00e2nal al Comandamentului Militar \u00centrunit \u0219i de modific\u0103rile survenite \u00een componen\u021ba nominal\u0103 a delega\u021biilor.<br \/>\nReuniunea urm\u0103toare a Comisiei Unificate de Control va avea loc la 22 noiembrie curent.<\/p>\n<p>Delega\u021bia Republicii Moldova \u00een Comisia Unificat\u0103 de Control<\/p>\n<p>Sursa:\u00a0<a href=\"https:\/\/gov.md\/ro\/content\/comisia-unificata-de-control-reluat-examinarea-unor-probleme-cu-impact-asupra-situatiei-zona\">https:\/\/gov.md\/<\/a><\/p>\n","protected":false},"excerpt":{"rendered":"<p>La data de 15 noiembrie \u00een ora\u0219ul Bender s-a desf\u0103\u0219urat \u0219edin\u021ba ordinar\u0103 a Comisiei Unificate de Control. Lu\u00e2nd \u00een considerare reluarea \u0219edin\u021belor \u00een formatul deplin ce permite evaluarea \u00eendeplinirii angajamentelor asumate de p\u0103r\u021bi, pe agend\u0103 s-au aflat mai multe subiecte legate de incidentele din Zona de Securitate, asupra c\u0103rora anterior nu au fost luate decizii&#8230;.<\/p>\n","protected":false},"author":2,"featured_media":0,"comment_status":"closed","ping_status":"open","sticky":false,"template":"","format":"standard","meta":[],"categories":[1],"tags":[],"_links":{"self":[{"href":"https:\/\/centers.ulbsibiu.ro\/ccsprise\/lact\/wp-json\/wp\/v2\/posts\/5611"}],"collection":[{"href":"https:\/\/centers.ulbsibiu.ro\/ccsprise\/lact\/wp-json\/wp\/v2\/posts"}],"about":[{"href":"https:\/\/centers.ulbsibiu.ro\/ccsprise\/lact\/wp-json\/wp\/v2\/types\/post"}],"author":[{"embeddable":true,"href":"https:\/\/centers.ulbsibiu.ro\/ccsprise\/lact\/wp-json\/wp\/v2\/users\/2"}],"replies":[{"embeddable":true,"href":"https:\/\/centers.ulbsibiu.ro\/ccsprise\/lact\/wp-json\/wp\/v2\/comments?post=5611"}],"version-history":[{"count":1,"href":"https:\/\/centers.ulbsibiu.ro\/ccsprise\/lact\/wp-json\/wp\/v2\/posts\/5611\/revisions"}],"predecessor-version":[{"id":5612,"href":"https:\/\/centers.ulbsibiu.ro\/ccsprise\/lact\/wp-json\/wp\/v2\/posts\/5611\/revisions\/5612"}],"wp:attachment":[{"href":"https:\/\/centers.ulbsibiu.ro\/ccsprise\/lact\/wp-json\/wp\/v2\/media?parent=5611"}],"wp:term":[{"taxonomy":"category","embeddable":true,"href":"https:\/\/centers.ulbsibiu.ro\/ccsprise\/lact\/wp-json\/wp\/v2\/categories?post=5611"},{"taxonomy":"post_tag","embeddable":true,"href":"https:\/\/centers.ulbsibiu.ro\/ccsprise\/lact\/wp-json\/wp\/v2\/tags?post=5611"}],"curies":[{"name":"wp","href":"https:\/\/api.w.org\/{rel}","templated":true}]}}