{"id":5597,"date":"2018-11-12T17:35:42","date_gmt":"2018-11-12T15:35:42","guid":{"rendered":"https:\/\/centers.ulbsibiu.ro\/ccsprise\/lact\/?p=5597"},"modified":"2018-11-12T17:35:42","modified_gmt":"2018-11-12T15:35:42","slug":"gov-md-in-premiera-un-parteneriat-moldo-ucrainean-in-domeniul-gestionarii-aspectelor-legate-de-conflictele-nereglementate","status":"publish","type":"post","link":"https:\/\/centers.ulbsibiu.ro\/ccsprise\/lact\/gov-md-in-premiera-un-parteneriat-moldo-ucrainean-in-domeniul-gestionarii-aspectelor-legate-de-conflictele-nereglementate\/","title":{"rendered":"Gov.md &#8211; \u00cen premier\u0103 \u2013 un parteneriat moldo-ucrainean \u00een domeniul gestion\u0103rii aspectelor legate de conflictele nereglementate"},"content":{"rendered":"<p>Ast\u0103zi, 12 noiembrie curent, \u00een premier\u0103 a avut loc o vizit\u0103 oficial\u0103 la Chi\u0219in\u0103u a Ministrului pe problemele teritoriilor temporar ocupate \u015fi persoanelor intern str\u0103mutate al Ucrainei Vadim Cern\u00e2\u0219, care a venit la invita\u021bia Viceprim-ministrului pentru reintegrare Cristina Lesnic, fiind \u00eenso\u021bit de c\u0103tre Ambasadorul Ucrainei \u00een Republica Moldova Ivan Gnat\u00e2\u0219in.<\/p>\n<p>Vizita la Chi\u0219in\u0103u a demnitarului ucrainean este o continuare a dialogului bilateral, care a fost ini\u021biat pe parcursul lunii septembrie curent \u00een cadrul unei vizite de lucru la Kiev a Vicepremierului responsabil de realizarea politicilor pentru reintegrarea \u021b\u0103rii.<\/p>\n<p>Oficialii au abordat un spectru larg de aspecte de interes comun, relev\u00e2nd experien\u021ba acumulat\u0103 \u0219i lec\u021biile \u00eenv\u0103\u021bate \u00een procesul de gestionare a problemelor curente din domeniul de competen\u021b\u0103, \u00een special a celor generate de prezen\u021ba conflictelor teritoriale nereglementate \u0219i cu men\u021bionarea m\u0103surilor \u00eentreprinse pentru a identifica solu\u021bii viabile la necesit\u0103\u021bi urgente \u00eentru a asigura onorarea obliga\u021biilor pozitive fa\u021b\u0103 de cet\u0103\u021benii s\u0103i \u0219i a proteja drepturile fundamentale ale acestora.<\/p>\n<p>Cu acest prilej, Vicepremierul Cristina Lesnic a f\u0103cut o scurt\u0103 prezentare a evolu\u021biilor marcate \u00een procesul de reglementare transnistrean\u0103, a subiectelor actuale de pe agend\u0103 \u0219i a gradului de implementare a \u00een\u021belegerilor convenite pe marginea acestora, a dificult\u0103\u021bilor \u0219i a provoc\u0103rilor \u00eent\u00e2mpinate \u00een proces, a ini\u021biativelor continue din partea reprezentan\u021bilor Chi\u0219in\u0103ului pentru a rezolva probleme stringente \u0219i strategice, precum \u0219i a specificat unele elemente legate de func\u021bionarea Comisiei guvernamentale pentru reintegrarea a \u021b\u0103rii \u0219i de rolul proiectelor promovate prin intermediul Programului activit\u0103\u021bilor de reintegrare a \u021b\u0103rii.<\/p>\n<p>Pe dimensiunea drepturilor omului \u0219i a jurispruden\u021bei CEDO pronun\u021bate \u00een privin\u021ba \u00a0situa\u021biei din regiunile cu conflicte nereglementare s-a men\u021bionat despre necesitatea diviz\u0103rii clare a aspectelor politice de cele juridice.<\/p>\n<p>Omologul ucrainean a \u00eemp\u0103rt\u0103\u0219it experien\u021ba Ucrainei \u00een gestionarea problemelor legate de teritoriile ocupate, precum \u0219i a adus sincere mul\u021bumiri autorit\u0103\u021bilor de la Chi\u0219in\u0103u pentru condamnarea inten\u021biei a\u0219a-ziselor structuri din Donbass de a organiza pretinse alegeri \u00een toamna anului curent.<\/p>\n<p>De asemenea, oficialii au discutat \u0219i alte subiecte de interes comun, inclusiv \u00een materie de securitate regional\u0103, exprim\u00e2nd disponibilitatea de a institu\u021bionaliza o platform\u0103 de baz\u0103 permanent\u0103 menit\u0103 s\u0103 aprofundeze cooperarea bilateral\u0103 \u0219i s\u0103 fortifice dialogul dintre autorit\u0103\u021bile de la Chi\u0219in\u0103u \u0219i Kiev.<\/p>\n<p>\u00cen aceia\u0219i ordine de idei, interlocutorii au eviden\u021biat oportunitatea de a dezvolta rela\u021bii de parteneriat multisectoriale \u0219i de a desf\u0103\u0219ura schimburi constante de experien\u021be, utile \u0219i relevante pentru activitatea institu\u021biilor de profil ale p\u0103r\u021bilor.<\/p>\n<p>Conform agendei planificate, pe parcursul vizitei efectuate la Chi\u0219in\u0103u, delega\u021bia din Ucraina va avea \u0219i alte \u00eentrevederi de lucru cu oficiali din cadrul autorit\u0103\u021bilor na\u021bionale de resort.<\/p>\n<p>Sursa:\u00a0<a href=\"https:\/\/gov.md\/ro\/content\/premiera-un-parteneriat-moldo-ucrainean-domeniul-gestionarii-aspectelor-legate-de\">https:\/\/gov.md\/<\/a><\/p>\n","protected":false},"excerpt":{"rendered":"<p>Ast\u0103zi, 12 noiembrie curent, \u00een premier\u0103 a avut loc o vizit\u0103 oficial\u0103 la Chi\u0219in\u0103u a Ministrului pe problemele teritoriilor temporar ocupate \u015fi persoanelor intern str\u0103mutate al Ucrainei Vadim Cern\u00e2\u0219, care a venit la invita\u021bia Viceprim-ministrului pentru reintegrare Cristina Lesnic, fiind \u00eenso\u021bit de c\u0103tre Ambasadorul Ucrainei \u00een Republica Moldova Ivan Gnat\u00e2\u0219in. Vizita la Chi\u0219in\u0103u a demnitarului&#8230;<\/p>\n","protected":false},"author":2,"featured_media":0,"comment_status":"closed","ping_status":"open","sticky":false,"template":"","format":"standard","meta":[],"categories":[1],"tags":[],"_links":{"self":[{"href":"https:\/\/centers.ulbsibiu.ro\/ccsprise\/lact\/wp-json\/wp\/v2\/posts\/5597"}],"collection":[{"href":"https:\/\/centers.ulbsibiu.ro\/ccsprise\/lact\/wp-json\/wp\/v2\/posts"}],"about":[{"href":"https:\/\/centers.ulbsibiu.ro\/ccsprise\/lact\/wp-json\/wp\/v2\/types\/post"}],"author":[{"embeddable":true,"href":"https:\/\/centers.ulbsibiu.ro\/ccsprise\/lact\/wp-json\/wp\/v2\/users\/2"}],"replies":[{"embeddable":true,"href":"https:\/\/centers.ulbsibiu.ro\/ccsprise\/lact\/wp-json\/wp\/v2\/comments?post=5597"}],"version-history":[{"count":1,"href":"https:\/\/centers.ulbsibiu.ro\/ccsprise\/lact\/wp-json\/wp\/v2\/posts\/5597\/revisions"}],"predecessor-version":[{"id":5598,"href":"https:\/\/centers.ulbsibiu.ro\/ccsprise\/lact\/wp-json\/wp\/v2\/posts\/5597\/revisions\/5598"}],"wp:attachment":[{"href":"https:\/\/centers.ulbsibiu.ro\/ccsprise\/lact\/wp-json\/wp\/v2\/media?parent=5597"}],"wp:term":[{"taxonomy":"category","embeddable":true,"href":"https:\/\/centers.ulbsibiu.ro\/ccsprise\/lact\/wp-json\/wp\/v2\/categories?post=5597"},{"taxonomy":"post_tag","embeddable":true,"href":"https:\/\/centers.ulbsibiu.ro\/ccsprise\/lact\/wp-json\/wp\/v2\/tags?post=5597"}],"curies":[{"name":"wp","href":"https:\/\/api.w.org\/{rel}","templated":true}]}}