{"id":5593,"date":"2018-11-09T17:10:01","date_gmt":"2018-11-09T15:10:01","guid":{"rendered":"https:\/\/centers.ulbsibiu.ro\/ccsprise\/lact\/?p=5593"},"modified":"2018-11-09T17:10:01","modified_gmt":"2018-11-09T15:10:01","slug":"gov-md-viceprim-ministrul-cristina-lesnic-a-discutat-cu-secretarul-de-stat-din-cadrul-ministerului-pentru-afaceri-externe-si-europene-al-republicii-slovacia-lukas-parizek","status":"publish","type":"post","link":"https:\/\/centers.ulbsibiu.ro\/ccsprise\/lact\/gov-md-viceprim-ministrul-cristina-lesnic-a-discutat-cu-secretarul-de-stat-din-cadrul-ministerului-pentru-afaceri-externe-si-europene-al-republicii-slovacia-lukas-parizek\/","title":{"rendered":"Gov.md &#8211; Viceprim-ministrul Cristina Lesnic a discutat cu Secretarul de Stat din cadrul Ministerului pentru Afaceri Externe \u015fi Europene al Republicii Slovacia, Luk\u00e1\u0161 Par\u00edzek"},"content":{"rendered":"<p>Viceprim-ministrul pentru reintegrare, Cristina Lesnic a avut ast\u0103zi, 8 noiembrie curent, o \u00eentrevedere cu Secretarul de Stat din cadrul Ministerului pentru Afaceri Externe \u015fi Europene al Republicii Slovacia, Luk\u00e1\u0161 Par\u00edzek \u0219i Ambasadorul Slovaciei \u00een Republica Moldova, Du\u0161an Dacho, \u00een contextul prelu\u0103rii Pre\u0219edin\u021biei Republicii Slovacia \u00een OSCE \u00een anul 2019.<\/p>\n<p><em>\u00a0\u201eAvem multe de f\u0103cut \u00een anul viitor. Dar mai \u00eent\u00e2i de toate, s\u0103 p\u0103str\u0103m ceea ce a fost realizat p\u00e2n\u0103 acum.<\/em> <em>Ast\u0103zi, exist\u0103 \u00eenc\u0103 numeroase conflicte \u0219i crize pe care nu le putem ignora, precum \u0219i oportunit\u0103\u021bi pe care nu le putem pierde<\/em>. <em>Este necesar\u0103 depunerea eforturilor consolidate pentru a men\u021bine dinamica pozitiv\u0103 a procesului. Cum a fost demonstrat \u00een 2017 \u0219i 2018, exist\u0103 o determinare ferm\u0103 din partea Guvernului.<\/em>\u201d, a conchis \u00a0Vicepremierul.<\/p>\n<p>\u00cen cadrul discu\u021biilor purtate, Vicepremierul a exprimat deschiderea pentru organizarea unei noi runde de negocieri \u00een formatul \u201e5+2\u201d. La fel, s-a men\u021bionat c\u0103 recent, \u0218eful Misiunii OSCE \u00een Republica Moldova Claus Neukirch a prezentat Raportul la Consiliul Permanent OSCE \u00een data de 1 noiembrie curent. S-a eviden\u021biat c\u0103 se dore\u0219te mai mult\u0103 aten\u021bie pentru activit\u0103\u021bile militare nesanc\u021bionate care au tendin\u021ba s\u0103 discrediteze procesul de negocieri \u00een problema monitoriz\u0103rii \u0219i raport\u0103rii activit\u0103\u021bilor militare \u00een Zona de Securitate. Chi\u0219in\u0103ul pledeaz\u0103 \u00een continuare pentru avansarea punctual\u0103 pe domeniul drepturilor omului \u0219i liberii circula\u021bii.<\/p>\n<p>Totodat\u0103, a fost trecut \u00een revist\u0103 stadiul actual al\u00a0procesului de negocieri privind reglementarea transnistrean\u0103, printre care: asigurarea liberii circula\u021bii, cooperarea \u00een domeniul telecomunica\u021biilor, accesul fermierilor la terenurile agricole, realizarea mecanismului privind accederea autovehiculelor din regiunea transnistrean\u0103 cu numere de \u00eenmatriculare neutre\u00a0\u00een traficul rutier interna\u021bional, etc.<\/p>\n<p>Sursa:\u00a0<a href=\"https:\/\/gov.md\/ro\/content\/viceprim-ministrul-cristina-lesnic-discutat-cu-secretarul-de-stat-din-cadrul-ministerului\">https:\/\/gov.md\/<\/a><\/p>\n","protected":false},"excerpt":{"rendered":"<p>Viceprim-ministrul pentru reintegrare, Cristina Lesnic a avut ast\u0103zi, 8 noiembrie curent, o \u00eentrevedere cu Secretarul de Stat din cadrul Ministerului pentru Afaceri Externe \u015fi Europene al Republicii Slovacia, Luk\u00e1\u0161 Par\u00edzek \u0219i Ambasadorul Slovaciei \u00een Republica Moldova, Du\u0161an Dacho, \u00een contextul prelu\u0103rii Pre\u0219edin\u021biei Republicii Slovacia \u00een OSCE \u00een anul 2019. \u00a0\u201eAvem multe de f\u0103cut \u00een anul&#8230;<\/p>\n","protected":false},"author":2,"featured_media":0,"comment_status":"closed","ping_status":"open","sticky":false,"template":"","format":"standard","meta":[],"categories":[1],"tags":[],"_links":{"self":[{"href":"https:\/\/centers.ulbsibiu.ro\/ccsprise\/lact\/wp-json\/wp\/v2\/posts\/5593"}],"collection":[{"href":"https:\/\/centers.ulbsibiu.ro\/ccsprise\/lact\/wp-json\/wp\/v2\/posts"}],"about":[{"href":"https:\/\/centers.ulbsibiu.ro\/ccsprise\/lact\/wp-json\/wp\/v2\/types\/post"}],"author":[{"embeddable":true,"href":"https:\/\/centers.ulbsibiu.ro\/ccsprise\/lact\/wp-json\/wp\/v2\/users\/2"}],"replies":[{"embeddable":true,"href":"https:\/\/centers.ulbsibiu.ro\/ccsprise\/lact\/wp-json\/wp\/v2\/comments?post=5593"}],"version-history":[{"count":1,"href":"https:\/\/centers.ulbsibiu.ro\/ccsprise\/lact\/wp-json\/wp\/v2\/posts\/5593\/revisions"}],"predecessor-version":[{"id":5594,"href":"https:\/\/centers.ulbsibiu.ro\/ccsprise\/lact\/wp-json\/wp\/v2\/posts\/5593\/revisions\/5594"}],"wp:attachment":[{"href":"https:\/\/centers.ulbsibiu.ro\/ccsprise\/lact\/wp-json\/wp\/v2\/media?parent=5593"}],"wp:term":[{"taxonomy":"category","embeddable":true,"href":"https:\/\/centers.ulbsibiu.ro\/ccsprise\/lact\/wp-json\/wp\/v2\/categories?post=5593"},{"taxonomy":"post_tag","embeddable":true,"href":"https:\/\/centers.ulbsibiu.ro\/ccsprise\/lact\/wp-json\/wp\/v2\/tags?post=5593"}],"curies":[{"name":"wp","href":"https:\/\/api.w.org\/{rel}","templated":true}]}}