{"id":5589,"date":"2018-11-09T17:04:01","date_gmt":"2018-11-09T15:04:01","guid":{"rendered":"https:\/\/centers.ulbsibiu.ro\/ccsprise\/lact\/?p=5589"},"modified":"2018-11-09T17:04:01","modified_gmt":"2018-11-09T15:04:01","slug":"gov-md-comisia-unificata-de-control-si-a-reluat-activitatea-in-formatul-deplin","status":"publish","type":"post","link":"https:\/\/centers.ulbsibiu.ro\/ccsprise\/lact\/gov-md-comisia-unificata-de-control-si-a-reluat-activitatea-in-formatul-deplin\/","title":{"rendered":"Gov.md &#8211; Comisia Unificat\u0103 de Control \u015fi-a reluat activitatea \u00een formatul deplin"},"content":{"rendered":"<p>Pe 8 noiembrie curent, dup\u0103 o pauz\u0103 de mai mult de un an \u0219i jum\u0103tate, Comisia Unificat\u0103 de Control (CUC) s-a \u00eentrunit la Bender \u00een format deplin \u00eentr-o \u0219edin\u021b\u0103, prezidat\u0103 de delega\u021bia Federa\u021biei Ruse.<\/p>\n<p>Delega\u0163ia moldoveneasc\u0103 a solicitat includerea \u00een agend\u0103 a problemei ce \u021bine de elaborarea unui mecanism de monitorizare a situa\u021biei din Zona de Securitate, \u00een conformitate cu \u00een\u021belegerile din 13 ianuarie 2017, \u00eens\u0103 partea transnistrean\u0103 \u0219i-a manifestat incapacitatea de a purta un dialog constructiv pe marginea acestui subiect.<\/p>\n<p>Discu\u021biile \u00een cadrul \u0219edin\u021bei s-au axat pe:<\/p>\n<p>&#8211; desemnarea \u00een func\u021bia de observator militar din partea Federa\u021biei Ruse a locotenent-colonelului Andrei Nazarin;<\/p>\n<p>&#8211; examinarea \u015fi aprobarea raportului s\u0103pt\u0103m\u00e2nal al Comandamentului Militar \u00centrunit cu privire la situa\u021bia din Zona de Securitate;<\/p>\n<p>&#8211; m\u0103surile desf\u0103\u0219urate de \u201emili\u0163ie\u201d \u0219i poli\u0163ie \u015fi Comandamentul Militar \u00centrunit \u00een contextul informa\u021biilor legate de ridicarea armelor \u015fi muni\u021biilor din Zona de Securitate, \u00een perioada anilor 2017-2018;<\/p>\n<p>&#8211; reanimarea activit\u0103\u021bii grupurilor de lucru responsabile de examinarea situa\u021biei posturilor amplasate \u00een Zona de Securitate \u015fi a ordinii de drept;<\/p>\n<p>&#8211; examinarea posibilit\u0103\u021bii prelu\u0103rii postului de pacificatori nr. 9 de pe malul st\u00e2ng al Nistrului (podul \u201eVadul lui Vod\u0103\u201d) de c\u0103tre partea moldoveneasc\u0103 \u015fi modificarea unor \u00eemputerniciri \u00een activitatea comandan\u021bilor militari.<\/p>\n<p>O aten\u021bie deosebit\u0103 s-a atras la necesitatea solu\u021bion\u0103rii problemei amplas\u0103rii ilegale a a\u015fa-numitor posturi de <em>\u201egr\u0103niceri\u201d<\/em>\u00a0\u00een locul celor de pacificatori, \u00een preajma localit\u0103\u021bilor Zahorna, Cremenciug, Varni\u021ba, Co\u015fni\u0163a, Lunga \u0219i Doro\u0163caia din Zona de Securitate, care au fost lichidate ca urmare a Acordului de la Odessa din 30 martie 1998.<\/p>\n<p>Dat fiind faptul c\u0103 delega\u021bia transnistrean\u0103 \u015fi cea a Federa\u021biei Ruse au avut pozi\u021bii evazive, s-a convenit c\u0103 discu\u021biile pe marginea acestor subiecte vor continua \u015fi \u00een cadrul urm\u0103toarei \u0219edin\u021be a CUC.<\/p>\n<p>De asemenea, delega\u021bia Republicii Moldova \u00een Comisia Unificat\u0103 de Control a difuzat o declara\u021bie <strong>(<a href=\"https:\/\/mail.gov.md\/service\/home\/~\/?auth=co&amp;loc=ro_RO&amp;id=15643&amp;part=2\">poate fi citit\u0103 aici<\/a>)<\/strong> c\u0103tre componentele CUC cu privire la necesitatea sporirii eficacit\u0103\u021bii controlului asupra situa\u021biei din Zona de Securitate \u015fi\u00a0 evalu\u0103rii procesului de prezentare, eviden\u0163\u0103 \u015fi examinare a informa\u021biei acumulate de observatorii militari \u00een Comandamentul Militar \u00centrunit.<\/p>\n<p>Urm\u0103toarea \u0219edin\u021b\u0103 a CUC este preconizat\u0103 pentru 15 noiembrie 2018.<\/p>\n<p>&nbsp;<\/p>\n<p>Delega\u021bia Republicii Moldova \u00een Comisia Unificat\u0103 de Control<\/p>\n<p>&nbsp;<\/p>\n<p>Sursa:\u00a0<a href=\"https:\/\/gov.md\/ro\/content\/comisia-unificata-de-control-si-reluat-activitatea-formatul-deplin\">https:\/\/gov.md\/<\/a><\/p>\n","protected":false},"excerpt":{"rendered":"<p>Pe 8 noiembrie curent, dup\u0103 o pauz\u0103 de mai mult de un an \u0219i jum\u0103tate, Comisia Unificat\u0103 de Control (CUC) s-a \u00eentrunit la Bender \u00een format deplin \u00eentr-o \u0219edin\u021b\u0103, prezidat\u0103 de delega\u021bia Federa\u021biei Ruse. Delega\u0163ia moldoveneasc\u0103 a solicitat includerea \u00een agend\u0103 a problemei ce \u021bine de elaborarea unui mecanism de monitorizare a situa\u021biei din Zona&#8230;<\/p>\n","protected":false},"author":2,"featured_media":0,"comment_status":"closed","ping_status":"open","sticky":false,"template":"","format":"standard","meta":[],"categories":[1],"tags":[],"_links":{"self":[{"href":"https:\/\/centers.ulbsibiu.ro\/ccsprise\/lact\/wp-json\/wp\/v2\/posts\/5589"}],"collection":[{"href":"https:\/\/centers.ulbsibiu.ro\/ccsprise\/lact\/wp-json\/wp\/v2\/posts"}],"about":[{"href":"https:\/\/centers.ulbsibiu.ro\/ccsprise\/lact\/wp-json\/wp\/v2\/types\/post"}],"author":[{"embeddable":true,"href":"https:\/\/centers.ulbsibiu.ro\/ccsprise\/lact\/wp-json\/wp\/v2\/users\/2"}],"replies":[{"embeddable":true,"href":"https:\/\/centers.ulbsibiu.ro\/ccsprise\/lact\/wp-json\/wp\/v2\/comments?post=5589"}],"version-history":[{"count":1,"href":"https:\/\/centers.ulbsibiu.ro\/ccsprise\/lact\/wp-json\/wp\/v2\/posts\/5589\/revisions"}],"predecessor-version":[{"id":5590,"href":"https:\/\/centers.ulbsibiu.ro\/ccsprise\/lact\/wp-json\/wp\/v2\/posts\/5589\/revisions\/5590"}],"wp:attachment":[{"href":"https:\/\/centers.ulbsibiu.ro\/ccsprise\/lact\/wp-json\/wp\/v2\/media?parent=5589"}],"wp:term":[{"taxonomy":"category","embeddable":true,"href":"https:\/\/centers.ulbsibiu.ro\/ccsprise\/lact\/wp-json\/wp\/v2\/categories?post=5589"},{"taxonomy":"post_tag","embeddable":true,"href":"https:\/\/centers.ulbsibiu.ro\/ccsprise\/lact\/wp-json\/wp\/v2\/tags?post=5589"}],"curies":[{"name":"wp","href":"https:\/\/api.w.org\/{rel}","templated":true}]}}