{"id":5587,"date":"2018-11-09T17:00:17","date_gmt":"2018-11-09T15:00:17","guid":{"rendered":"https:\/\/centers.ulbsibiu.ro\/ccsprise\/lact\/?p=5587"},"modified":"2018-11-09T17:00:17","modified_gmt":"2018-11-09T15:00:17","slug":"publika-md-pavel-filip-la-sedinta-comisiei-guvernamentale-pentru-reintegrarea-tarii-trebuie-sa-demonstram-ca-suntem-partea-activa-si-sa-venim-permanent-cu-initiative","status":"publish","type":"post","link":"https:\/\/centers.ulbsibiu.ro\/ccsprise\/lact\/publika-md-pavel-filip-la-sedinta-comisiei-guvernamentale-pentru-reintegrarea-tarii-trebuie-sa-demonstram-ca-suntem-partea-activa-si-sa-venim-permanent-cu-initiative\/","title":{"rendered":"Publika.md &#8211; Pavel Filip, la \u0219edin\u021ba Comisiei guvernamentale pentru reintegrarea \u0163\u0103rii: Trebuie s\u0103 demonstr\u0103m c\u0103 suntem partea activ\u0103 \u0219i s\u0103 venim permanent cu ini\u021biative"},"content":{"rendered":"<p class=\"x_MsoNoSpacing\"><strong>Stadiul actual \u00een procesul de negocieri pentru reglementarea transnistrean\u0103 a fost analizat \u00een cadrul \u0219edin\u021bei Comisiei guvernamentale pentru reintegrarea \u021b\u0103rii, prezidat\u0103 de premierul Pavel Filip.<\/strong><\/p>\n<p class=\"x_MsoNoSpacing\">\u0218eful Executivului a apreciat rezultatele ob\u021binute \u00een procesul de reglementare, subliniind importan\u021ba aplic\u0103rii deciziilor protocolare semnate \u0219i a men\u021binerii dinamicii pozitive \u00een solu\u021bionarea chestiunilor de interes major.<\/p>\n<blockquote>\n<p class=\"x_MsoNoSpacing\">&#8220;Anul acesta \u00eentrevederile la nivel de reprezentan\u021bi politici cel pu\u021bin s<strong>&#8211;<\/strong>au triplat, iar la nivelul grupurilor de lucru mai mult dec\u00e2t s-au dublat\u00a0<strong>&#8211;<\/strong>\u00a0asta \u00eenseamn\u0103 c\u0103 exist\u0103 activitate. Pe dimensiunea transnistrean\u0103 noi trebuie s\u0103 demonstr\u0103m c\u0103 suntem partea activ\u0103 \u0219i s\u0103 venim permanent cu ini\u021biative&#8221;, a spus premierul.<\/p>\n<\/blockquote>\n<p class=\"x_MsoNoSpacing\"><strong>\u00cen context, au fost prezentate evolu\u021biile \u00eenregistrate \u00een procesul de negocieri pe platformele de dialog existente, inclusiv \u00een formatul &#8220;5+2&#8221;.<\/strong> \u00cen particular, au fost men\u021bionate cele mai importante progrese pe subiectele incluse \u00een pachetul &#8220;Berlin plus&#8221;. Acestea se refer\u0103 la oferirea accesului agricultorilor la terenurile agricole situate \u00een raionul Dub\u0103sari, dar \u0219i asigurarea liberei circula\u021bii a elevilor \u0219i angaja\u021bilor institu\u021biilor de \u00eenv\u0103\u021b\u0103m\u00e2nt din regiunea transnistrean\u0103, cu predare \u00een limba rom\u00e2n\u0103. Ace\u0219tia se pot deplasa \u00een baza carnetelor de elev \u0219i a legitima\u021biilor de serviciu.<\/p>\n<p class=\"x_MsoNoSpacing\"><strong>\u00cen mod special, au fost punctate ac\u021biunile promovate \u00een vederea implement\u0103rii \u00een\u021belegerii privind asigurarea accesului \u00een traficul rutier interna\u021bional a autovehiculelor din regiunea transnistrean\u0103, neimplicate \u00een activitatea comercial\u0103. Procesul de eliberare a pl\u0103cu\u021belor neutre a fost simplificat, inclusiv prin deschiderea oficiilor Agen\u021biei Servicii Publice la Tiraspol \u0219i R\u00e2bni\u021ba.<\/strong><\/p>\n<p class=\"x_MsoNormal\">Membrii Comisiei au\u00a0f\u0103cut un schimb de opinii pe marginea priorit\u0103\u021bilor ce urmeaz\u0103 a fi promovate p\u00e2n\u0103 la finele anului curent. \u00cen acest sens, autorit\u0103\u021bile \u00ee\u0219i propun\u00a0solu\u021bionarea integral\u0103 a dosarelor prioritare, organizarea unei noi reuniuni \u00een formatul &#8220;5+2&#8221;, precum \u0219i\u00a0lansarea unor ini\u021biative noi, \u00een beneficiul popula\u021biei de pe ambele maluri ale Nistrului.<\/p>\n<p>Cite\u0219te mai mult: <a href=\"https:\/\/www.publika.md\/pavel-filip-la-sedinta-comisiei-guvernamentale-pentru-reintegrarea-tarii-trebuie-sa-demonstram-ca-suntem-partea-activa-si-sa-venim-permanent-cu-initiative_3024732.html#ixzz5WMzcUhQa\">https:\/\/www.publika.md\/pavel-filip-la-sedinta-comisiei-guvernamentale-pentru-reintegrarea-tarii-trebuie-sa-demonstram-ca-suntem-partea-activa-si-sa-venim-permanent-cu-initiative_3024732.html#ixzz5WMzcUhQa<\/a><br \/>\nFollow us: <a href=\"https:\/\/ec.tynt.com\/b\/rw?id=dWcNF856Wr5OkPrkHcnlKl&amp;u=publikatv\" target=\"_blank\" rel=\"noopener\">@publikatv on Twitter<\/a> | <a href=\"https:\/\/ec.tynt.com\/b\/rf?id=dWcNF856Wr5OkPrkHcnlKl&amp;u=publika.md\" target=\"_blank\" rel=\"noopener\">publika.md on Facebook<\/a><\/p>\n","protected":false},"excerpt":{"rendered":"<p>Stadiul actual \u00een procesul de negocieri pentru reglementarea transnistrean\u0103 a fost analizat \u00een cadrul \u0219edin\u021bei Comisiei guvernamentale pentru reintegrarea \u021b\u0103rii, prezidat\u0103 de premierul Pavel Filip. \u0218eful Executivului a apreciat rezultatele ob\u021binute \u00een procesul de reglementare, subliniind importan\u021ba aplic\u0103rii deciziilor protocolare semnate \u0219i a men\u021binerii dinamicii pozitive \u00een solu\u021bionarea chestiunilor de interes major. &#8220;Anul acesta \u00eentrevederile&#8230;<\/p>\n","protected":false},"author":2,"featured_media":0,"comment_status":"closed","ping_status":"open","sticky":false,"template":"","format":"standard","meta":[],"categories":[1],"tags":[],"_links":{"self":[{"href":"https:\/\/centers.ulbsibiu.ro\/ccsprise\/lact\/wp-json\/wp\/v2\/posts\/5587"}],"collection":[{"href":"https:\/\/centers.ulbsibiu.ro\/ccsprise\/lact\/wp-json\/wp\/v2\/posts"}],"about":[{"href":"https:\/\/centers.ulbsibiu.ro\/ccsprise\/lact\/wp-json\/wp\/v2\/types\/post"}],"author":[{"embeddable":true,"href":"https:\/\/centers.ulbsibiu.ro\/ccsprise\/lact\/wp-json\/wp\/v2\/users\/2"}],"replies":[{"embeddable":true,"href":"https:\/\/centers.ulbsibiu.ro\/ccsprise\/lact\/wp-json\/wp\/v2\/comments?post=5587"}],"version-history":[{"count":1,"href":"https:\/\/centers.ulbsibiu.ro\/ccsprise\/lact\/wp-json\/wp\/v2\/posts\/5587\/revisions"}],"predecessor-version":[{"id":5588,"href":"https:\/\/centers.ulbsibiu.ro\/ccsprise\/lact\/wp-json\/wp\/v2\/posts\/5587\/revisions\/5588"}],"wp:attachment":[{"href":"https:\/\/centers.ulbsibiu.ro\/ccsprise\/lact\/wp-json\/wp\/v2\/media?parent=5587"}],"wp:term":[{"taxonomy":"category","embeddable":true,"href":"https:\/\/centers.ulbsibiu.ro\/ccsprise\/lact\/wp-json\/wp\/v2\/categories?post=5587"},{"taxonomy":"post_tag","embeddable":true,"href":"https:\/\/centers.ulbsibiu.ro\/ccsprise\/lact\/wp-json\/wp\/v2\/tags?post=5587"}],"curies":[{"name":"wp","href":"https:\/\/api.w.org\/{rel}","templated":true}]}}