{"id":5585,"date":"2018-11-08T18:55:03","date_gmt":"2018-11-08T16:55:03","guid":{"rendered":"https:\/\/centers.ulbsibiu.ro\/ccsprise\/lact\/?p=5585"},"modified":"2018-11-08T18:55:03","modified_gmt":"2018-11-08T16:55:03","slug":"deschide-md-krasnoselski-il-trimite-la-plimbare-pe-dodon-vorbim-doar-cu-cei-care-au-imputerniciri","status":"publish","type":"post","link":"https:\/\/centers.ulbsibiu.ro\/ccsprise\/lact\/deschide-md-krasnoselski-il-trimite-la-plimbare-pe-dodon-vorbim-doar-cu-cei-care-au-imputerniciri\/","title":{"rendered":"Deschide.md &#8211; Krasnoselski \u00eel trimite la plimbare pe Dodon: Vorbim doar cu cei care au \u00eemputerniciri"},"content":{"rendered":"<p>Capul re\u021belei separatiste de la Tiraspol, Vadim Krasnoselski, a spus c\u0103 \u00eent\u00e2lnirea planificat\u0103 pentru luna decembrie cu Igor Dodon ar putea fi anulat\u0103.<\/p>\n<p>Separatistul \u0219ef de la Tiraspol s-a exprimat \u00een favoarea unei \u00eentrevederi \u00een formatul 5+2 at\u00e2t timp c\u00e2t loialul Moscovei, Dodon, nu are mari \u00eemputerniciri la Chi\u0219in\u0103u.<\/p>\n<p>\u201eNoi trebuie s\u0103 lucr\u0103m cu to\u021bi acei care sunt competen\u021bi \u00een rezolvarea unor probleme curente \u0219i cu ajutorul partenerilor externi. Anume din acest considerent eu salut ini\u021biativa unei noi \u00eentrevederi \u00een formatul 5+2, iar dac\u0103 Igor Dodon are o propunere, noi o vom examina\u201d, a spus Vadim Krasnoselski, citat de novostipmr.com.<\/p>\n<p>Pretinsul ministru de externe separatist, Vitalii Ignatiev, a spus c\u0103 \u0219eful misiunii OSCE \u00een Moldova, Claus Neukirch, a sus\u021binut ideea convoc\u0103rii unei \u00eentrevederi \u00een formatul 5+2 p\u00e2n\u0103 la finalul acestui an.<\/p>\n<p>Vadim Kransoselski a mai ad\u0103ugat c\u0103 Igor Dodon ar trebui s\u0103 aib\u0103 o agend\u0103 proprie, iar dac\u0103 ea nu exist\u0103, atunci nu mai sunt necesare astfel de \u00eent\u00e2lniri.<\/p>\n<p>Sursa:\u00a0<a href=\"https:\/\/deschide.md\/ro\/stiri\/politic\/39319\/Krasnoselski-\u00eel-trimite-la-plimbare-pe-Dodon-Vorbim-doar-cu-cei-care-au-\u00eemputerniciri.htm\">https:\/\/deschide.md\/<\/a><\/p>\n","protected":false},"excerpt":{"rendered":"<p>Capul re\u021belei separatiste de la Tiraspol, Vadim Krasnoselski, a spus c\u0103 \u00eent\u00e2lnirea planificat\u0103 pentru luna decembrie cu Igor Dodon ar putea fi anulat\u0103. Separatistul \u0219ef de la Tiraspol s-a exprimat \u00een favoarea unei \u00eentrevederi \u00een formatul 5+2 at\u00e2t timp c\u00e2t loialul Moscovei, Dodon, nu are mari \u00eemputerniciri la Chi\u0219in\u0103u. \u201eNoi trebuie s\u0103 lucr\u0103m cu to\u021bi&#8230;<\/p>\n","protected":false},"author":2,"featured_media":0,"comment_status":"closed","ping_status":"open","sticky":false,"template":"","format":"standard","meta":[],"categories":[1],"tags":[],"_links":{"self":[{"href":"https:\/\/centers.ulbsibiu.ro\/ccsprise\/lact\/wp-json\/wp\/v2\/posts\/5585"}],"collection":[{"href":"https:\/\/centers.ulbsibiu.ro\/ccsprise\/lact\/wp-json\/wp\/v2\/posts"}],"about":[{"href":"https:\/\/centers.ulbsibiu.ro\/ccsprise\/lact\/wp-json\/wp\/v2\/types\/post"}],"author":[{"embeddable":true,"href":"https:\/\/centers.ulbsibiu.ro\/ccsprise\/lact\/wp-json\/wp\/v2\/users\/2"}],"replies":[{"embeddable":true,"href":"https:\/\/centers.ulbsibiu.ro\/ccsprise\/lact\/wp-json\/wp\/v2\/comments?post=5585"}],"version-history":[{"count":1,"href":"https:\/\/centers.ulbsibiu.ro\/ccsprise\/lact\/wp-json\/wp\/v2\/posts\/5585\/revisions"}],"predecessor-version":[{"id":5586,"href":"https:\/\/centers.ulbsibiu.ro\/ccsprise\/lact\/wp-json\/wp\/v2\/posts\/5585\/revisions\/5586"}],"wp:attachment":[{"href":"https:\/\/centers.ulbsibiu.ro\/ccsprise\/lact\/wp-json\/wp\/v2\/media?parent=5585"}],"wp:term":[{"taxonomy":"category","embeddable":true,"href":"https:\/\/centers.ulbsibiu.ro\/ccsprise\/lact\/wp-json\/wp\/v2\/categories?post=5585"},{"taxonomy":"post_tag","embeddable":true,"href":"https:\/\/centers.ulbsibiu.ro\/ccsprise\/lact\/wp-json\/wp\/v2\/tags?post=5585"}],"curies":[{"name":"wp","href":"https:\/\/api.w.org\/{rel}","templated":true}]}}