{"id":5583,"date":"2018-11-07T19:18:34","date_gmt":"2018-11-07T17:18:34","guid":{"rendered":"https:\/\/centers.ulbsibiu.ro\/ccsprise\/lact\/?p=5583"},"modified":"2018-11-07T19:18:34","modified_gmt":"2018-11-07T17:18:34","slug":"gov-md-platforma-comuna-de-dialog-dintre-biroul-politici-de-reintegrare-asociatia-promo-lex-administratia-publica-locala-din-raionul-dubasari-si-fermierii-agricoli","status":"publish","type":"post","link":"https:\/\/centers.ulbsibiu.ro\/ccsprise\/lact\/gov-md-platforma-comuna-de-dialog-dintre-biroul-politici-de-reintegrare-asociatia-promo-lex-administratia-publica-locala-din-raionul-dubasari-si-fermierii-agricoli\/","title":{"rendered":"Gov.md &#8211; Platforma comun\u0103 de dialog dintre Biroul politici de reintegrare, Asocia\u021bia Promo-LEX, administra\u021bia public\u0103 local\u0103 din raionul Dub\u0103sari \u0219i fermierii agricoli"},"content":{"rendered":"<p>La 7 noiembrie curent, reprezentan\u021bii Biroului politici de reintegrare au participat la platforma comun\u0103 de dialog, organizat\u0103 de Asocia\u021bia Promo-LEX, av\u00e2nd ca participan\u021bi autorit\u0103\u021bile publice locale \u0219i fermierii care de\u021bin terenuri agricole dup\u0103 traseul R\u00eebni\u021ba-Tiraspol. \u0218edin\u021ba s-a petrecut \u00een sediul consiliului raional Dub\u0103sari.<\/p>\n<p>Subiectul discu\u021biei s-a axat pe respectarea drepturilor de proprietate, posesie \u0219i folosin\u021b\u0103 asupra terenurilor men\u021bionate.<\/p>\n<p>Totodat\u0103, s-a prezentat delimitarea dintre aspectele ce poart\u0103 un caracter juridic \u0219i ac\u021biunile realizate \u00een procesul de negocieri, care au un alt principiu de reglementare.<\/p>\n<p>Participan\u021bii au dat apreciere ac\u021biunilor realizate pe parcursul anului 2018 de c\u0103tre Guvernul Republicii Moldova, care \u00eentr-un final au permis accesul la terenurile agricole amplasate dup\u0103 traseul R\u00eebni\u021ba-Tiraspol, opt\u00e2nd pentru implicarea activ\u0103 \u0219i \u00een continuare. Amintim c\u0103, pe parcursul anului 2018, reprezentan\u021bii Biroului politici de reintegrare s-au deplasat \u00een raionul Dub\u0103sari pentru asigurarea procesului de acces la terenurile agricole de 21 ori.<\/p>\n<p>Preciz\u0103m c\u0103, astfel de platforme comune vor continua s\u0103 aib\u0103 loc, unde vor fi abordate \u0219i alte subiecte cum ar fi: libera circula\u021bie, dreptul la educa\u021bie, etc.<\/p>\n<p>Biroul politici de integrare va continua implicarea activ\u0103 \u00een vederea asigur\u0103rii tuturor drepturilor cet\u0103\u021benilor Republicii Moldova, indiferent pe care parte a r. Nistru se afl\u0103.<\/p>\n<p>Sursa:\u00a0<a href=\"https:\/\/gov.md\/ro\/content\/platforma-comuna-de-dialog-dintre-biroul-politici-de-reintegrare-asociatia-promo-lex\">https:\/\/gov.md\/<\/a><\/p>\n","protected":false},"excerpt":{"rendered":"<p>La 7 noiembrie curent, reprezentan\u021bii Biroului politici de reintegrare au participat la platforma comun\u0103 de dialog, organizat\u0103 de Asocia\u021bia Promo-LEX, av\u00e2nd ca participan\u021bi autorit\u0103\u021bile publice locale \u0219i fermierii care de\u021bin terenuri agricole dup\u0103 traseul R\u00eebni\u021ba-Tiraspol. \u0218edin\u021ba s-a petrecut \u00een sediul consiliului raional Dub\u0103sari. Subiectul discu\u021biei s-a axat pe respectarea drepturilor de proprietate, posesie \u0219i folosin\u021b\u0103&#8230;<\/p>\n","protected":false},"author":2,"featured_media":0,"comment_status":"closed","ping_status":"open","sticky":false,"template":"","format":"standard","meta":[],"categories":[1],"tags":[],"_links":{"self":[{"href":"https:\/\/centers.ulbsibiu.ro\/ccsprise\/lact\/wp-json\/wp\/v2\/posts\/5583"}],"collection":[{"href":"https:\/\/centers.ulbsibiu.ro\/ccsprise\/lact\/wp-json\/wp\/v2\/posts"}],"about":[{"href":"https:\/\/centers.ulbsibiu.ro\/ccsprise\/lact\/wp-json\/wp\/v2\/types\/post"}],"author":[{"embeddable":true,"href":"https:\/\/centers.ulbsibiu.ro\/ccsprise\/lact\/wp-json\/wp\/v2\/users\/2"}],"replies":[{"embeddable":true,"href":"https:\/\/centers.ulbsibiu.ro\/ccsprise\/lact\/wp-json\/wp\/v2\/comments?post=5583"}],"version-history":[{"count":1,"href":"https:\/\/centers.ulbsibiu.ro\/ccsprise\/lact\/wp-json\/wp\/v2\/posts\/5583\/revisions"}],"predecessor-version":[{"id":5584,"href":"https:\/\/centers.ulbsibiu.ro\/ccsprise\/lact\/wp-json\/wp\/v2\/posts\/5583\/revisions\/5584"}],"wp:attachment":[{"href":"https:\/\/centers.ulbsibiu.ro\/ccsprise\/lact\/wp-json\/wp\/v2\/media?parent=5583"}],"wp:term":[{"taxonomy":"category","embeddable":true,"href":"https:\/\/centers.ulbsibiu.ro\/ccsprise\/lact\/wp-json\/wp\/v2\/categories?post=5583"},{"taxonomy":"post_tag","embeddable":true,"href":"https:\/\/centers.ulbsibiu.ro\/ccsprise\/lact\/wp-json\/wp\/v2\/tags?post=5583"}],"curies":[{"name":"wp","href":"https:\/\/api.w.org\/{rel}","templated":true}]}}