{"id":5581,"date":"2018-11-07T19:16:09","date_gmt":"2018-11-07T17:16:09","guid":{"rendered":"https:\/\/centers.ulbsibiu.ro\/ccsprise\/lact\/?p=5581"},"modified":"2018-11-07T19:16:09","modified_gmt":"2018-11-07T17:16:09","slug":"infotag-md-seful-misiunii-osce-a-discutat-la-chisinau-si-tiraspol-problemele-actuale-ale-procesului-de-negocieri","status":"publish","type":"post","link":"https:\/\/centers.ulbsibiu.ro\/ccsprise\/lact\/infotag-md-seful-misiunii-osce-a-discutat-la-chisinau-si-tiraspol-problemele-actuale-ale-procesului-de-negocieri\/","title":{"rendered":"Infotag.md &#8211; \u015eEFUL MISIUNII OSCE A DISCUTAT LA CHI\u015eIN\u0102U \u015eI TIRASPOL \u201ePROBLEMELE ACTUALE ALE PROCESULUI DE NEGOCIERI\u201d"},"content":{"rendered":"<p>Problemele actuale ale procesului de negocieri al reglement\u0103rii transnistrene au fost discutate \u00een ajun de \u0219eful Misiunii OSCE \u00een Republica Moldova, Claus Neukirch, la \u00eent\u00e2lnirile cu reprezentan\u021bii politici ai p\u0103r\u0163ilor la Chi\u0219in\u0103u \u0219i Tiraspol.<br \/>\nPotrivit agen\u0163iei INFOTAG cu referire la Biroul Politici de Reintegrare, la \u00eentrevederea cu viceprim-ministrul Cristina Lesnic, la care au participat \u015fi reprezentan\u0163ii Ministerului Afacerilor Externe \u0219i Integr\u0103rii Europene, discu\u021biile s-au axat pe marginea ultimelor evolu\u021bii \u00eenregistrate \u00een procesul de negocieri privind reglementarea transnistrean\u0103, printre care: asigurarea liberii circula\u021bii a elevilor \u0219i profesorilor din cadrul \u0219colilor cu predare \u00een limba rom\u00e2n\u0103 din st\u00e2nga Nistrului, cooperarea \u00een domeniul telecomunica\u021biilor, accesul fermierilor la terenurile agricole, realizarea mecanismului privind accederea autovehiculelor din regiunea transnistrean\u0103 cu numere de \u00eenmatriculare neutre \u00een traficul rutier interna\u021bional.<br \/>\nPotrivit comunicatului, la \u00eentrevederea de la Chi\u015fin\u0103u interlocutorii au discutat despre reuniunea ordinar\u0103 a Consiliului de Mini\u0219tri al OSCE, preconizat\u0103 pentru luna decembrie.<br \/>\nPotrivit MAE al Transnistriei, la \u00eentrevederea de la Tiraspol cu ministrul de externe, Vitalii Ignatiev, \u201ea fost analizat\u0103 detaliat situa\u0163ia din domeniul realiz\u0103rii acordurilor semnate \u00een noiembrie 2017\u201d.<br \/>\nIgnatiev a spus c\u0103 \u201ea deciziile protocolare privind activitatea \u0219colilor rom\u00e2ne\u0219ti \u0219i privind utilizarea terenurilor din raionul Dub\u0103sari din RMN au fost implementate exhaustiv\u0103\u201d \u015fi a men\u021bionat \u201enecesitatea unor progrese \u0219i \u00een chestiunile ce \u0163in de dosarele penale \u0219i telecomunica\u021bii\u201d. De asemenea, au fost discutate \u00een detaliu perspectivele organiz\u0103rii p\u00e2n\u0103 la sf\u00e2r\u015fitul anului curent a unei \u015fedin\u0163e a \u201eReuniunii permanente&#8230;\u201d \u00een formatul \u201e5+2\u201d.<br \/>\nParticipan\u021bii la \u00eent\u00e2lnire \u201eau convenit asupra necesit\u0103\u021bii de a elabora un mecanism func\u021bional \u0219i acceptabil pentru ambele p\u0103r\u021bi pentru importul \u00een Transnistria al medicamentelor \u0219i dispozitivelor medicale, au trasat domenii de lucru pentru avansarea \u00een procesul de negocieri, inclusiv \u00een probleme de cooperare bancar\u0103, precum \u0219i \u00een alte domenii relevante\u201d.<br \/>\nReprezentantul Tiraspolului s-a pronun\u0163at \u201e\u00eempotriva oric\u0103ror ac\u021biuni unilaterale care ar putea duce la crearea de tensiuni \u0219i deteriorarea atmosferei \u00een dialogul p\u0103r\u0163ilor\u201d.<\/p>\n<p>Sursa:\u00a0<a href=\"http:\/\/www.infotag.md\/rebelion-ro\/268978\/\">http:\/\/www.infotag.md\/<\/a><\/p>\n","protected":false},"excerpt":{"rendered":"<p>Problemele actuale ale procesului de negocieri al reglement\u0103rii transnistrene au fost discutate \u00een ajun de \u0219eful Misiunii OSCE \u00een Republica Moldova, Claus Neukirch, la \u00eent\u00e2lnirile cu reprezentan\u021bii politici ai p\u0103r\u0163ilor la Chi\u0219in\u0103u \u0219i Tiraspol. Potrivit agen\u0163iei INFOTAG cu referire la Biroul Politici de Reintegrare, la \u00eentrevederea cu viceprim-ministrul Cristina Lesnic, la care au participat \u015fi&#8230;<\/p>\n","protected":false},"author":2,"featured_media":0,"comment_status":"closed","ping_status":"open","sticky":false,"template":"","format":"standard","meta":[],"categories":[1],"tags":[],"_links":{"self":[{"href":"https:\/\/centers.ulbsibiu.ro\/ccsprise\/lact\/wp-json\/wp\/v2\/posts\/5581"}],"collection":[{"href":"https:\/\/centers.ulbsibiu.ro\/ccsprise\/lact\/wp-json\/wp\/v2\/posts"}],"about":[{"href":"https:\/\/centers.ulbsibiu.ro\/ccsprise\/lact\/wp-json\/wp\/v2\/types\/post"}],"author":[{"embeddable":true,"href":"https:\/\/centers.ulbsibiu.ro\/ccsprise\/lact\/wp-json\/wp\/v2\/users\/2"}],"replies":[{"embeddable":true,"href":"https:\/\/centers.ulbsibiu.ro\/ccsprise\/lact\/wp-json\/wp\/v2\/comments?post=5581"}],"version-history":[{"count":1,"href":"https:\/\/centers.ulbsibiu.ro\/ccsprise\/lact\/wp-json\/wp\/v2\/posts\/5581\/revisions"}],"predecessor-version":[{"id":5582,"href":"https:\/\/centers.ulbsibiu.ro\/ccsprise\/lact\/wp-json\/wp\/v2\/posts\/5581\/revisions\/5582"}],"wp:attachment":[{"href":"https:\/\/centers.ulbsibiu.ro\/ccsprise\/lact\/wp-json\/wp\/v2\/media?parent=5581"}],"wp:term":[{"taxonomy":"category","embeddable":true,"href":"https:\/\/centers.ulbsibiu.ro\/ccsprise\/lact\/wp-json\/wp\/v2\/categories?post=5581"},{"taxonomy":"post_tag","embeddable":true,"href":"https:\/\/centers.ulbsibiu.ro\/ccsprise\/lact\/wp-json\/wp\/v2\/tags?post=5581"}],"curies":[{"name":"wp","href":"https:\/\/api.w.org\/{rel}","templated":true}]}}