{"id":5579,"date":"2018-11-06T20:17:49","date_gmt":"2018-11-06T18:17:49","guid":{"rendered":"https:\/\/centers.ulbsibiu.ro\/ccsprise\/lact\/?p=5579"},"modified":"2018-11-06T20:17:49","modified_gmt":"2018-11-06T18:17:49","slug":"gov-md-rezultatele-la-zi-privind-implementarea-programului-activitatilor-de-reintegrare-a-tarii-pentru-anul-2018-evaluate-in-cadrul-unei-sedinte-de-lucru-cu-reprezentantii-autoritatilor-publice-loca","status":"publish","type":"post","link":"https:\/\/centers.ulbsibiu.ro\/ccsprise\/lact\/gov-md-rezultatele-la-zi-privind-implementarea-programului-activitatilor-de-reintegrare-a-tarii-pentru-anul-2018-evaluate-in-cadrul-unei-sedinte-de-lucru-cu-reprezentantii-autoritatilor-publice-loca\/","title":{"rendered":"Gov.md &#8211; Rezultatele la zi privind implementarea Programului activit\u0103\u021bilor de reintegrare a \u021b\u0103rii pentru anul 2018 evaluate \u00een cadrul unei \u0219edin\u021be de lucru cu reprezentan\u021bii autorit\u0103\u021bilor publice locale \u0219i centrale"},"content":{"rendered":"<p>Viceprim-ministrul Cristina Lesnic a convocat ast\u0103zi, 6 noiembrie, o \u0219edin\u021b\u0103 de lucru cu reprezentan\u021bii autorit\u0103\u021bilor publice locale \u0219i centrale beneficiare de aloca\u021bii prin intermediul Programului activit\u0103\u021bilor de reintegrare a \u021b\u0103rii pentru a evalua situa\u021bia la zi privind implementarea eficient\u0103 \u0219i transparent\u0103 a acestuia.<\/p>\n<p>Primari \u0219i speciali\u0219ti din 34 de autorit\u0103\u021bi ai administra\u021biei publice locale din 9 raioane ale \u021b\u0103rii au avut oportunitatea s\u0103 fac\u0103 un schimb de experien\u021ba cu privire la participarea \u00een acest Program.<\/p>\n<p>Ace\u0219tia au primit r\u0103spunsuri la \u00eentreb\u0103rile legate de modul de raportare privind utilizarea mijloacelor alocate.<\/p>\n<p>Conform celor afirmate de c\u0103tre reprezentan\u021bi ai autorit\u0103\u021bilor publice locale \u0219i centrale la moment au fost deja realizate 24 din 49 de proiecte ce vizeaz\u0103 modernizarea institu\u021biilor din sistemul educa\u021bional, repara\u021bia cl\u0103dirilor, reconstruc\u021bia apeductelor, iluminatul stradal \u0219i alte ac\u021biuni de dezvoltare comunitar\u0103.<\/p>\n<p>Au fost planificate m\u0103suri ce urmeaz\u0103 a fi desf\u0103\u0219urate p\u00e2n\u0103 la finele anului 2018.<\/p>\n<p>Vorbitorii au apreciat eforturile Guvernului de sus\u021binere a proiectelor social<strong>&#8211;<\/strong>economice menite s\u0103 dezvolte durabil localit\u0103\u021bile din Zona de Securitate \u0219i au accentuat \u00een mod special importan\u021ba continu\u0103rii bunelor practici \u00een acest sens.<\/p>\n<p>Reamintim c\u0103, Guvernul a aprobat \u00een aprilie curent Programul activit\u0103\u021bilor de reintegrare a \u021b\u0103rii pentru anul 2018. Acesta prevede alocarea a 15 mln. de lei din bugetul de stat pentru implementarea a 49 de proiecte selectate pe baz\u0103 de concurs, care vor contribui la consolidarea m\u0103surilor de \u00eencredere a popula\u021biei de pe ambele maluri ale Nistrului \u0219i, implicit, la realizarea obiectivului guvernamental de reintegrare a \u021b\u0103rii.<\/p>\n<p>Sursa:\u00a0<a href=\"https:\/\/gov.md\/ro\/content\/rezultatele-la-zi-privind-implementarea-programului-activitatilor-de-reintegrare-tarii\">https:\/\/gov.md\/<\/a><\/p>\n","protected":false},"excerpt":{"rendered":"<p>Viceprim-ministrul Cristina Lesnic a convocat ast\u0103zi, 6 noiembrie, o \u0219edin\u021b\u0103 de lucru cu reprezentan\u021bii autorit\u0103\u021bilor publice locale \u0219i centrale beneficiare de aloca\u021bii prin intermediul Programului activit\u0103\u021bilor de reintegrare a \u021b\u0103rii pentru a evalua situa\u021bia la zi privind implementarea eficient\u0103 \u0219i transparent\u0103 a acestuia. Primari \u0219i speciali\u0219ti din 34 de autorit\u0103\u021bi ai administra\u021biei publice locale din&#8230;<\/p>\n","protected":false},"author":2,"featured_media":0,"comment_status":"closed","ping_status":"open","sticky":false,"template":"","format":"standard","meta":[],"categories":[1],"tags":[],"_links":{"self":[{"href":"https:\/\/centers.ulbsibiu.ro\/ccsprise\/lact\/wp-json\/wp\/v2\/posts\/5579"}],"collection":[{"href":"https:\/\/centers.ulbsibiu.ro\/ccsprise\/lact\/wp-json\/wp\/v2\/posts"}],"about":[{"href":"https:\/\/centers.ulbsibiu.ro\/ccsprise\/lact\/wp-json\/wp\/v2\/types\/post"}],"author":[{"embeddable":true,"href":"https:\/\/centers.ulbsibiu.ro\/ccsprise\/lact\/wp-json\/wp\/v2\/users\/2"}],"replies":[{"embeddable":true,"href":"https:\/\/centers.ulbsibiu.ro\/ccsprise\/lact\/wp-json\/wp\/v2\/comments?post=5579"}],"version-history":[{"count":1,"href":"https:\/\/centers.ulbsibiu.ro\/ccsprise\/lact\/wp-json\/wp\/v2\/posts\/5579\/revisions"}],"predecessor-version":[{"id":5580,"href":"https:\/\/centers.ulbsibiu.ro\/ccsprise\/lact\/wp-json\/wp\/v2\/posts\/5579\/revisions\/5580"}],"wp:attachment":[{"href":"https:\/\/centers.ulbsibiu.ro\/ccsprise\/lact\/wp-json\/wp\/v2\/media?parent=5579"}],"wp:term":[{"taxonomy":"category","embeddable":true,"href":"https:\/\/centers.ulbsibiu.ro\/ccsprise\/lact\/wp-json\/wp\/v2\/categories?post=5579"},{"taxonomy":"post_tag","embeddable":true,"href":"https:\/\/centers.ulbsibiu.ro\/ccsprise\/lact\/wp-json\/wp\/v2\/tags?post=5579"}],"curies":[{"name":"wp","href":"https:\/\/api.w.org\/{rel}","templated":true}]}}