{"id":5577,"date":"2018-11-06T20:15:32","date_gmt":"2018-11-06T18:15:32","guid":{"rendered":"https:\/\/centers.ulbsibiu.ro\/ccsprise\/lact\/?p=5577"},"modified":"2018-11-06T20:15:32","modified_gmt":"2018-11-06T18:15:32","slug":"deschide-md-osce-ne-anunta-de-la-tiraspol-pana-la-finele-acestui-an-va-avea-loc-o-intrevedere-in-formatul-52","status":"publish","type":"post","link":"https:\/\/centers.ulbsibiu.ro\/ccsprise\/lact\/deschide-md-osce-ne-anunta-de-la-tiraspol-pana-la-finele-acestui-an-va-avea-loc-o-intrevedere-in-formatul-52\/","title":{"rendered":"Deschide.md &#8211; OSCE ne anun\u021b\u0103 de la Tiraspol. P\u00e2n\u0103 la finele acestui an va avea loc o \u00eentrevedere \u00een formatul 5+2"},"content":{"rendered":"<p>\u0218eful misiunii OSCE \u00een Moldova, Claus Neukirch a discutat la Tiraspol despre o nou\u0103 rund\u0103 de negocieri \u00een formatul 5+2.<\/p>\n<p>Potrivit unui comunicat al a\u0219a-zisului Minister de Externe de la Tiraspol, pretin\u0219ii diploma\u021bi separati\u0219ti au ajuns \u00eempreun\u0103 cu \u0219eful misiunii OSCE la concluzia c\u0103 p\u00e2n\u0103 la sf\u00e2r\u0219itul acestui an ar urma s\u0103 fie organizat\u0103 o rund\u0103 de negocieri \u00een acest format.<\/p>\n<p>Tiraspolul a insistat pe o \u00eent\u00e2lnire \u00een formatul 5+2 la care ar trebui s\u0103 fie discutat\u0103 problema dosarelor penale instrumentate de Chi\u0219in\u0103u pe numele liderilor \u0219i func\u021bionarilor separati\u0219ti, dar \u0219i problema telecomunica\u021biilor. Un alt subiect pus \u00een prim plan de separati\u0219ti ar fi importul de medicamente \u0219i echipament medical \u00een st\u00e2nga Nistrului.<\/p>\n<p>Misiunea OSCE \u0219i-a exprimat deschiderea de a asigura desf\u0103\u0219urarea acestor negocieri \u0219i deschiderea pentru elaborarea unui mecanism de activitate \u00een aceste domenii.<\/p>\n<p>Reprezentan\u021bii OSCE au mai ad\u0103ugat c\u0103 urmeaz\u0103 s\u0103 fie elaborate mecanisme de cooperare \u00een domeniul bancar.<\/p>\n<p>\u00cen cadrul \u00eent\u00e2lnirii, Tiraspolul s-a l\u0103udat cu respectarea Protocoalelor semnate \u00een luna noiembrie a anului 2017.<\/p>\n<p>Textul complet:\u00a0<a href=\"https:\/\/deschide.md\/ro\/stiri\/politic\/39186\/OSCE-ne-anun\u021b\u0103-de-la-Tiraspol-P\u00e2n\u0103-la-finele-acestui-an-va-avea-loc-o-\u00eentrevedere-\u00een-formatul-52.htm\">https:\/\/deschide.md\/<\/a><\/p>\n","protected":false},"excerpt":{"rendered":"<p>\u0218eful misiunii OSCE \u00een Moldova, Claus Neukirch a discutat la Tiraspol despre o nou\u0103 rund\u0103 de negocieri \u00een formatul 5+2. Potrivit unui comunicat al a\u0219a-zisului Minister de Externe de la Tiraspol, pretin\u0219ii diploma\u021bi separati\u0219ti au ajuns \u00eempreun\u0103 cu \u0219eful misiunii OSCE la concluzia c\u0103 p\u00e2n\u0103 la sf\u00e2r\u0219itul acestui an ar urma s\u0103 fie organizat\u0103 o&#8230;<\/p>\n","protected":false},"author":2,"featured_media":0,"comment_status":"closed","ping_status":"open","sticky":false,"template":"","format":"standard","meta":[],"categories":[1],"tags":[],"_links":{"self":[{"href":"https:\/\/centers.ulbsibiu.ro\/ccsprise\/lact\/wp-json\/wp\/v2\/posts\/5577"}],"collection":[{"href":"https:\/\/centers.ulbsibiu.ro\/ccsprise\/lact\/wp-json\/wp\/v2\/posts"}],"about":[{"href":"https:\/\/centers.ulbsibiu.ro\/ccsprise\/lact\/wp-json\/wp\/v2\/types\/post"}],"author":[{"embeddable":true,"href":"https:\/\/centers.ulbsibiu.ro\/ccsprise\/lact\/wp-json\/wp\/v2\/users\/2"}],"replies":[{"embeddable":true,"href":"https:\/\/centers.ulbsibiu.ro\/ccsprise\/lact\/wp-json\/wp\/v2\/comments?post=5577"}],"version-history":[{"count":1,"href":"https:\/\/centers.ulbsibiu.ro\/ccsprise\/lact\/wp-json\/wp\/v2\/posts\/5577\/revisions"}],"predecessor-version":[{"id":5578,"href":"https:\/\/centers.ulbsibiu.ro\/ccsprise\/lact\/wp-json\/wp\/v2\/posts\/5577\/revisions\/5578"}],"wp:attachment":[{"href":"https:\/\/centers.ulbsibiu.ro\/ccsprise\/lact\/wp-json\/wp\/v2\/media?parent=5577"}],"wp:term":[{"taxonomy":"category","embeddable":true,"href":"https:\/\/centers.ulbsibiu.ro\/ccsprise\/lact\/wp-json\/wp\/v2\/categories?post=5577"},{"taxonomy":"post_tag","embeddable":true,"href":"https:\/\/centers.ulbsibiu.ro\/ccsprise\/lact\/wp-json\/wp\/v2\/tags?post=5577"}],"curies":[{"name":"wp","href":"https:\/\/api.w.org\/{rel}","templated":true}]}}