{"id":5575,"date":"2018-11-06T20:10:27","date_gmt":"2018-11-06T18:10:27","guid":{"rendered":"https:\/\/centers.ulbsibiu.ro\/ccsprise\/lact\/?p=5575"},"modified":"2018-11-06T20:10:27","modified_gmt":"2018-11-06T18:10:27","slug":"gov-md-intrevederea-viceprim-ministrului-cristina-lesnic-cu-seful-misiunii-osce-in-republica-moldova-claus-neukirch","status":"publish","type":"post","link":"https:\/\/centers.ulbsibiu.ro\/ccsprise\/lact\/gov-md-intrevederea-viceprim-ministrului-cristina-lesnic-cu-seful-misiunii-osce-in-republica-moldova-claus-neukirch\/","title":{"rendered":"Gov.md &#8211; \u00centrevederea Viceprim-ministrului Cristina Lesnic cu \u0218eful Misiunii OSCE \u00een Republica Moldova Claus Neukirch"},"content":{"rendered":"<p>Ast\u0103zi, 06 noiembrie curent, Viceprim-ministrul pentru reintegrare, Cristina Lesnic a avut o \u00eentrevedere cu \u0218eful Misiunii OSCE \u00een Republica Moldova, Claus Neukirch. La \u0219edin\u021b\u0103 au mai participat reprezentan\u021bi ai Biroului politici de reintegrare, precum \u0219i ai Ministerului Afacerilor Externe \u0219i Integr\u0103rii Europene.<\/p>\n<p>Discu\u021biile s-au axat pe marginea ultimelor evolu\u021bii \u00eenregistrate \u00een procesul de negocieri privind reglementarea transnistrean\u0103, printre care: asigurarea liberii circula\u021bii a elevilor \u0219i profesorilor din cadrul \u0219colilor cu predare \u00een limba rom\u00e2n\u0103 din st\u00e2nga Nistrului, cooperarea \u00een domeniul telecomunica\u021biilor, accesul fermierilor la terenurile agricole, realizarea mecanismului privind accederea autovehiculelor din regiunea transnistrean\u0103 cu numere de \u00eenmatriculare neutre\u00a0\u00een traficul rutier interna\u021bional.<\/p>\n<p>Referindu-se la subiectul privind accesul fermierilor la terenurile agricole din raionul Dub\u0103sari, Cristina Lesnic a subliniat faptul c\u0103 Biroul politici de reintegrare continu\u0103 s\u0103 se implice activ \u00een vederea asigur\u0103rii \u0219i respect\u0103rii drepturilor de proprietate a fermierilor, fiind des organizate vizite de lucru \u00een aceast\u0103 localitate.<\/p>\n<p>\u00cen contextul mecanismului de \u00eenregistrare a mijloacelor de transport din regiunea transnistrean\u0103, s-a abordat un spectru larg de detalii ce \u021bin de func\u021bionalitatea mecanismului \u0219i alte aspecte relevante.<\/p>\n<p>Totodat\u0103, interlocutorii au discutat despre reuniunea ordinar\u0103 a Consiliului de Mini\u0219tri al OSCE, preconizat\u0103 pentru luna decembrie curent.<\/p>\n<p>La final, cei doi oficiali \u0219i-au manifestat deschiderea \u00een continuarea dialogului \u0219i au reiterat necesitatea continu\u0103rii \u00eentreprinderii ac\u021biunilor pozitive \u00een interesul popula\u021biei de pe ambele maluri ale Nistrului.<\/p>\n<p>Sursa:\u00a0<a href=\"https:\/\/gov.md\/ro\/content\/intrevederea-viceprim-ministrului-cristina-lesnic-cu-seful-misiunii-osce-republica-moldova-7\">https:\/\/gov.md\/<\/a><\/p>\n","protected":false},"excerpt":{"rendered":"<p>Ast\u0103zi, 06 noiembrie curent, Viceprim-ministrul pentru reintegrare, Cristina Lesnic a avut o \u00eentrevedere cu \u0218eful Misiunii OSCE \u00een Republica Moldova, Claus Neukirch. La \u0219edin\u021b\u0103 au mai participat reprezentan\u021bi ai Biroului politici de reintegrare, precum \u0219i ai Ministerului Afacerilor Externe \u0219i Integr\u0103rii Europene. Discu\u021biile s-au axat pe marginea ultimelor evolu\u021bii \u00eenregistrate \u00een procesul de negocieri privind&#8230;<\/p>\n","protected":false},"author":2,"featured_media":0,"comment_status":"closed","ping_status":"open","sticky":false,"template":"","format":"standard","meta":[],"categories":[1],"tags":[],"_links":{"self":[{"href":"https:\/\/centers.ulbsibiu.ro\/ccsprise\/lact\/wp-json\/wp\/v2\/posts\/5575"}],"collection":[{"href":"https:\/\/centers.ulbsibiu.ro\/ccsprise\/lact\/wp-json\/wp\/v2\/posts"}],"about":[{"href":"https:\/\/centers.ulbsibiu.ro\/ccsprise\/lact\/wp-json\/wp\/v2\/types\/post"}],"author":[{"embeddable":true,"href":"https:\/\/centers.ulbsibiu.ro\/ccsprise\/lact\/wp-json\/wp\/v2\/users\/2"}],"replies":[{"embeddable":true,"href":"https:\/\/centers.ulbsibiu.ro\/ccsprise\/lact\/wp-json\/wp\/v2\/comments?post=5575"}],"version-history":[{"count":1,"href":"https:\/\/centers.ulbsibiu.ro\/ccsprise\/lact\/wp-json\/wp\/v2\/posts\/5575\/revisions"}],"predecessor-version":[{"id":5576,"href":"https:\/\/centers.ulbsibiu.ro\/ccsprise\/lact\/wp-json\/wp\/v2\/posts\/5575\/revisions\/5576"}],"wp:attachment":[{"href":"https:\/\/centers.ulbsibiu.ro\/ccsprise\/lact\/wp-json\/wp\/v2\/media?parent=5575"}],"wp:term":[{"taxonomy":"category","embeddable":true,"href":"https:\/\/centers.ulbsibiu.ro\/ccsprise\/lact\/wp-json\/wp\/v2\/categories?post=5575"},{"taxonomy":"post_tag","embeddable":true,"href":"https:\/\/centers.ulbsibiu.ro\/ccsprise\/lact\/wp-json\/wp\/v2\/tags?post=5575"}],"curies":[{"name":"wp","href":"https:\/\/api.w.org\/{rel}","templated":true}]}}