{"id":5573,"date":"2018-11-05T18:10:02","date_gmt":"2018-11-05T16:10:02","guid":{"rendered":"https:\/\/centers.ulbsibiu.ro\/ccsprise\/lact\/?p=5573"},"modified":"2018-11-05T18:10:02","modified_gmt":"2018-11-05T16:10:02","slug":"deschide-md-dodon-se-arata-ingrijorat-de-condamnarea-prietenului-sau-comunist-de-la-tiraspol","status":"publish","type":"post","link":"https:\/\/centers.ulbsibiu.ro\/ccsprise\/lact\/deschide-md-dodon-se-arata-ingrijorat-de-condamnarea-prietenului-sau-comunist-de-la-tiraspol\/","title":{"rendered":"Deschide.md &#8211; Dodon se arat\u0103 \u00eengrijorat de condamnarea prietenului s\u0103u comunist de la Tiraspol"},"content":{"rendered":"<p>Author: Pavel Maftei<\/p>\n<p>Pre\u0219edintele Igor Dodon are o pozi\u021bie negativ\u0103 fa\u021b\u0103 de re\u021binerea \u0219i condamnarea liderului Partidului Comunist din Transnistria, deputat al a\u0219a-numitului soviet suprem, Oleg Horjan. \u0218eful statului \u00ee\u0219i motiveaz\u0103 pozi\u021bia prin faptul c\u0103 Oleg Horjan de\u021bine \u0219i cet\u0103\u021benia Republicii Moldova.<\/p>\n<p>Dodon a fost \u00eentrebat de pres\u0103 \u00een cadrul unei conferin\u021be \u00een care \u0219i-a prezentat rezultatele vizitei sale la Moscova, cum comenteaz\u0103 condamnarea lui Horjan.<\/p>\n<p>\u201eDesigur c\u0103 \u00eel cunosc foarte bine pe Oleg Olegovici \u0219i nu o singur\u0103 dat\u0103 ne-am \u00eent\u00e2lnit chiar \u0219i \u00een aceast\u0103 sal\u0103, la fel ca \u0219i cu reprezentan\u021bii societ\u0103\u021bii civile pe care eu i-am invitat la diferite discu\u021bii. Pozi\u021bia mea fa\u021b\u0103 de ceea ce s-a \u00eent\u00e2mplat este un negativ\u0103 pentru c\u0103 Horjan are cet\u0103\u021benia Republicii Moldova. Faptul c\u0103 el are cet\u0103\u021benia autorit\u0103\u021bilor de la Tiraspol \u0219i \u00eenc\u0103 altceva pe noi nu ne intereseaz\u0103. \u00cen acest caz, noi nu recunoa\u0219tem alt\u0103 cet\u0103\u021benie, a\u0219a cum nu recunoa\u0219tem independen\u021ba, cum ei o numesc, dar el are cet\u0103\u021benia Republicii Moldova. \u0218i \u00een orice caz, \u00een care un cet\u0103\u021bean al Republicii Moldova este re\u021binut \u00een a\u0219a mod, trebuie s\u0103 fie reac\u021bia institu\u021biilor de profil din Republica Moldova, procuratura \u0219i altele. Din acest punct de vedere desigur c\u0103 acest lucru pe noi ne \u00eengrijoreaz\u0103\u201d, a declarat Dodon.<\/p>\n<p>Pre\u0219edintele mai spune c\u0103 de cazul amicului s\u0103u \u201ese ocup\u0103 \u0219i \u00een afara \u021b\u0103rii\u201d.<\/p>\n<p>\u201eConsilierii mei s-au \u00eent\u00e2lnit cu rudele care au depus o pl\u00e2ngere la Procuratura General\u0103. \u0218tiu c\u0103 de acest subiect se ocup\u0103 nu doar \u00een interiorul \u021b\u0103rii dar \u0219i \u00een afar\u0103 \u0219i sunt convins c\u0103 la acest subiect \u00eenc\u0103 vor fi clarific\u0103ri\u201d, a ad\u0103ugat pre\u0219dintele Igor Dodon.<\/p>\n<p>&nbsp;<\/p>\n<p>Textul complet:\u00a0<a href=\"https:\/\/deschide.md\/ro\/stiri\/politic\/39085\/Dodon-se-arat\u0103-\u00eengrijorat-de-condamnarea-prietenului-s\u0103u-comunist-de-la-Tiraspol.htm\">https:\/\/deschide.md\/<\/a><\/p>\n","protected":false},"excerpt":{"rendered":"<p>Author: Pavel Maftei Pre\u0219edintele Igor Dodon are o pozi\u021bie negativ\u0103 fa\u021b\u0103 de re\u021binerea \u0219i condamnarea liderului Partidului Comunist din Transnistria, deputat al a\u0219a-numitului soviet suprem, Oleg Horjan. \u0218eful statului \u00ee\u0219i motiveaz\u0103 pozi\u021bia prin faptul c\u0103 Oleg Horjan de\u021bine \u0219i cet\u0103\u021benia Republicii Moldova. Dodon a fost \u00eentrebat de pres\u0103 \u00een cadrul unei conferin\u021be \u00een care \u0219i-a&#8230;<\/p>\n","protected":false},"author":2,"featured_media":0,"comment_status":"closed","ping_status":"open","sticky":false,"template":"","format":"standard","meta":[],"categories":[1],"tags":[],"_links":{"self":[{"href":"https:\/\/centers.ulbsibiu.ro\/ccsprise\/lact\/wp-json\/wp\/v2\/posts\/5573"}],"collection":[{"href":"https:\/\/centers.ulbsibiu.ro\/ccsprise\/lact\/wp-json\/wp\/v2\/posts"}],"about":[{"href":"https:\/\/centers.ulbsibiu.ro\/ccsprise\/lact\/wp-json\/wp\/v2\/types\/post"}],"author":[{"embeddable":true,"href":"https:\/\/centers.ulbsibiu.ro\/ccsprise\/lact\/wp-json\/wp\/v2\/users\/2"}],"replies":[{"embeddable":true,"href":"https:\/\/centers.ulbsibiu.ro\/ccsprise\/lact\/wp-json\/wp\/v2\/comments?post=5573"}],"version-history":[{"count":1,"href":"https:\/\/centers.ulbsibiu.ro\/ccsprise\/lact\/wp-json\/wp\/v2\/posts\/5573\/revisions"}],"predecessor-version":[{"id":5574,"href":"https:\/\/centers.ulbsibiu.ro\/ccsprise\/lact\/wp-json\/wp\/v2\/posts\/5573\/revisions\/5574"}],"wp:attachment":[{"href":"https:\/\/centers.ulbsibiu.ro\/ccsprise\/lact\/wp-json\/wp\/v2\/media?parent=5573"}],"wp:term":[{"taxonomy":"category","embeddable":true,"href":"https:\/\/centers.ulbsibiu.ro\/ccsprise\/lact\/wp-json\/wp\/v2\/categories?post=5573"},{"taxonomy":"post_tag","embeddable":true,"href":"https:\/\/centers.ulbsibiu.ro\/ccsprise\/lact\/wp-json\/wp\/v2\/tags?post=5573"}],"curies":[{"name":"wp","href":"https:\/\/api.w.org\/{rel}","templated":true}]}}