{"id":5571,"date":"2018-11-05T18:05:11","date_gmt":"2018-11-05T16:05:11","guid":{"rendered":"https:\/\/centers.ulbsibiu.ro\/ccsprise\/lact\/?p=5571"},"modified":"2018-11-05T18:05:11","modified_gmt":"2018-11-05T16:05:11","slug":"infotag-md-igor-dodon-si-vadim-krasnoselski-vor-avea-o-intrevedere-pana-la-sfarsitul-anului","status":"publish","type":"post","link":"https:\/\/centers.ulbsibiu.ro\/ccsprise\/lact\/infotag-md-igor-dodon-si-vadim-krasnoselski-vor-avea-o-intrevedere-pana-la-sfarsitul-anului\/","title":{"rendered":"Infotag.md &#8211; IGOR DODON \u015eI VADIM KRASNOSELSKI VOR AVEA O \u00ceNTREVEDERE P\u00c2N\u0102 LA SF\u00c2R\u015eITUL ANULUI"},"content":{"rendered":"<p>Pre\u015fedintele Igor Dodon \u015fi liderul Transnistriei, Vadim Krasnoselski, vor avea o \u00eentrevedere p\u00e2n\u0103 la sf\u00e2r\u015fitul anului. Potrivit agen\u0163iei INFOTAG, despre aceasta Igor Dodon a comunicat luni, \u00een cadrul unei conferin\u0163e de pres\u0103 la Chi\u015fin\u0103u, la care a f\u0103cut bilan\u0163ul vizitei sale de s\u0103pt\u0103m\u00e2na trecut\u0103 la Moscova.<br \/>\n\u201e\u00cen cadrul vizitei la Moscova, am discutat problema reglement\u0103rii transnistrene \u015fi cu pre\u0219edintele Vladimir Putin, \u0219i cu reprezentantul s\u0103u special, viceprim-ministrul Dmitri Kozak. Trebuie remarcat faptul c\u0103 noul reprezentant special a fost numit de pre\u0219edintele Federa\u021biei Ruse nu \u201e\u00een problemele Transnistriei\u201d, a\u0219a cum a fost \u00eenainte, ci \u201epentru dezvoltarea rela\u021biilor comerciale \u0219i economice cu Republica Moldova\u201d, a spus Dodon.<br \/>\nEl a men\u021bionat c\u0103 \u00eent\u00e2lnirea cu Krasnoselski va avea loc p\u00e2n\u0103 la sf\u00e2r\u0219itul anului, \u201ea\u0219a cum s-a planificat \u00een timpul \u00eent\u00e2lnirii anterioare din septembrie\u201d.<br \/>\nDodon \u0219i Krasnoselski au avut patru \u00eent\u00e2lniri timp de doi ani. Imediat dup\u0103 ce au fost ale\u0219i, la \u00eenceputul lunii ianuarie 2017, ei s-au \u00eent\u00e2lnit la Bender. Urm\u0103toarea \u00eentrevedere a fost \u00een aprilie. Dup\u0103 o pauz\u0103 de un an, liderii de pe cele dou\u0103 maluri ale Nistrului s-au \u00eent\u00e2lnit din nou \u00een aprilie 2018 la Bender. O alt\u0103 \u00eent\u00e2lnire a avut loc \u00een luna septembrie la re\u0219edin\u021ba pre\u0219edintelui Republicii Moldova la Condri\u0163a.<br \/>\n\u00cen decembrie, se vor \u00eemplini doi ani de c\u00e2nd Igor Dodon \u0219i Vadim Krasnoselski au preluat mandatul.<\/p>\n<p>Sursa:\u00a0<a href=\"http:\/\/www.infotag.md\/rebelion-ro\/268914\/\">http:\/\/www.infotag.md\/<\/a><\/p>\n","protected":false},"excerpt":{"rendered":"<p>Pre\u015fedintele Igor Dodon \u015fi liderul Transnistriei, Vadim Krasnoselski, vor avea o \u00eentrevedere p\u00e2n\u0103 la sf\u00e2r\u015fitul anului. Potrivit agen\u0163iei INFOTAG, despre aceasta Igor Dodon a comunicat luni, \u00een cadrul unei conferin\u0163e de pres\u0103 la Chi\u015fin\u0103u, la care a f\u0103cut bilan\u0163ul vizitei sale de s\u0103pt\u0103m\u00e2na trecut\u0103 la Moscova. \u201e\u00cen cadrul vizitei la Moscova, am discutat problema reglement\u0103rii&#8230;<\/p>\n","protected":false},"author":2,"featured_media":0,"comment_status":"closed","ping_status":"open","sticky":false,"template":"","format":"standard","meta":[],"categories":[1],"tags":[],"_links":{"self":[{"href":"https:\/\/centers.ulbsibiu.ro\/ccsprise\/lact\/wp-json\/wp\/v2\/posts\/5571"}],"collection":[{"href":"https:\/\/centers.ulbsibiu.ro\/ccsprise\/lact\/wp-json\/wp\/v2\/posts"}],"about":[{"href":"https:\/\/centers.ulbsibiu.ro\/ccsprise\/lact\/wp-json\/wp\/v2\/types\/post"}],"author":[{"embeddable":true,"href":"https:\/\/centers.ulbsibiu.ro\/ccsprise\/lact\/wp-json\/wp\/v2\/users\/2"}],"replies":[{"embeddable":true,"href":"https:\/\/centers.ulbsibiu.ro\/ccsprise\/lact\/wp-json\/wp\/v2\/comments?post=5571"}],"version-history":[{"count":1,"href":"https:\/\/centers.ulbsibiu.ro\/ccsprise\/lact\/wp-json\/wp\/v2\/posts\/5571\/revisions"}],"predecessor-version":[{"id":5572,"href":"https:\/\/centers.ulbsibiu.ro\/ccsprise\/lact\/wp-json\/wp\/v2\/posts\/5571\/revisions\/5572"}],"wp:attachment":[{"href":"https:\/\/centers.ulbsibiu.ro\/ccsprise\/lact\/wp-json\/wp\/v2\/media?parent=5571"}],"wp:term":[{"taxonomy":"category","embeddable":true,"href":"https:\/\/centers.ulbsibiu.ro\/ccsprise\/lact\/wp-json\/wp\/v2\/categories?post=5571"},{"taxonomy":"post_tag","embeddable":true,"href":"https:\/\/centers.ulbsibiu.ro\/ccsprise\/lact\/wp-json\/wp\/v2\/tags?post=5571"}],"curies":[{"name":"wp","href":"https:\/\/api.w.org\/{rel}","templated":true}]}}