{"id":5569,"date":"2018-11-05T18:00:40","date_gmt":"2018-11-05T16:00:40","guid":{"rendered":"https:\/\/centers.ulbsibiu.ro\/ccsprise\/lact\/?p=5569"},"modified":"2020-06-12T12:09:44","modified_gmt":"2020-06-12T10:09:44","slug":"digi24-ro-ai-impresia-ca-tanara-generatie-nu-vrea-sa-stie-ca-un-conflict-nesolutionat-la-cateva-zeci-de-kilometri-de-chisinau-ar-putea-readuce-vremurile-razboiului","status":"publish","type":"post","link":"https:\/\/centers.ulbsibiu.ro\/ccsprise\/lact\/digi24-ro-ai-impresia-ca-tanara-generatie-nu-vrea-sa-stie-ca-un-conflict-nesolutionat-la-cateva-zeci-de-kilometri-de-chisinau-ar-putea-readuce-vremurile-razboiului\/","title":{"rendered":"Digi24.ro: &#8220;Ai impresia c\u0103 t\u00e2n\u0103ra genera\u021bie nu vrea s\u0103 \u0219tie c\u0103 un conflict nesolu\u021bionat, la c\u00e2teva zeci de kilometri de Chi\u0219in\u0103u, ar putea readuce vremurile r\u0103zboiului&#8221;"},"content":{"rendered":"<p><span style=\"display: inline !important; float: none; background-color: transparent; color: #222222; font-family: Georgia,'Times New Roman',Times,serif; font-size: 16px; font-style: normal; font-variant: normal; font-weight: 400; letter-spacing: normal; orphans: 2; text-align: justify; text-decoration: none; text-indent: 0px; text-transform: none; -webkit-text-stroke-width: 0px; white-space: normal; word-spacing: 0px;\">\u201e<\/span><b>\u00cen momentul \u00een care corpul electoral din st\u00e2nga Nistrului se va ata\u0219a electoratului prezent \u00een Republica Moldova, echilibrul fragil de ast\u0103zi (care d\u0103 c\u00e2teva procente \u00een favoarea for\u021belor pro-europene sau pro-ruse, la fiecare alegere a parlamentului sau pre\u0219edintelui) se va transforma \u00eentr-un avantaj solid \u0219i pe termen lung \u00een favoarea celor din urm\u0103\u201d, consider\u0103 profesorul Eugen Sr\u0103u\u0163iu, de la Universitatea \u201eLucian Blaga\u201d din Sibiu. \u00cens\u0103, observ\u0103 acesta \u00een interviul acordat Digi24.ro, dob\u00e2ndirea de c\u0103tre Transnistria a unui statut special \u00een interiorul Republicii Moldova \u201eeste absolut necesar\u201d.<\/b><\/p>\n<p><span style=\"display: inline !important; float: none; background-color: transparent; color: #222222; font-family: Georgia,'Times New Roman',Times,serif; font-size: 16px; font-style: normal; font-variant: normal; font-weight: bold; letter-spacing: normal; orphans: 2; text-align: justify; text-decoration: none; text-indent: 0px; text-transform: none; -webkit-text-stroke-width: 0px; white-space: normal; word-spacing: 0px;\">Digi24.ro: \u201eNu cred c\u0103 exist\u0103 modalit\u0103\u021bi de a ob\u021bine rapid un proiect de solu\u021bionare a conflictului. \u0218i astfel ajungem la politica pa\u0219ilor mici, at\u00e2ta timp c\u00e2t nu avem toate elementele constituante pentru alte proiecte\u201d, spunea, recent, deputatul Eugen Carpov, \u00eentr-un interviu acordat <\/span><a href=\"https:\/\/centers.ulbsibiu.ro\/ccsprise\/lact\/\" target=\"_blank\" rel=\"noopener noreferrer\" data-skip-linkfix=\"1\">Laboratorului pentru Analiza Conflictului Transnistrean<\/a><span style=\"display: inline !important; float: none; background-color: transparent; color: #222222; font-family: Georgia,'Times New Roman',Times,serif; font-size: 16px; font-style: normal; font-variant: normal; font-weight: bold; letter-spacing: normal; orphans: 2; text-align: justify; text-decoration: none; text-indent: 0px; text-transform: none; -webkit-text-stroke-width: 0px; white-space: normal; word-spacing: 0px;\">, pe care \u00eel coordona\u0163i. Concret, ce \u00eenseamn\u0103 \u201epa\u015fii mici\u201d care se fac acum pe rela\u0163ia Chi\u015fin\u0103u-Tiraspol?<\/span><\/p>\n<p align=\"JUSTIFY\"><span lang=\"ro-RO\">Politica \u201epa\u0219ilor mici\u201d este o strategie agreat\u0103 deopotriv\u0103 de c\u0103tre Chi\u0219in\u0103u \u0219i Tiraspol, mediatori \u0219i observatori, \u0219i vizeaz\u0103 avansarea \u00een reglementare prin rezolvarea unor teme care s\u0103 contribuie la \u00eembun\u0103t\u0103\u021birea condi\u021biilor de dezvoltare a comunit\u0103\u021bilor \u0219i locuitorilor de pe ambele maluri ale Nistrului, f\u0103r\u0103 abordarea principial\u0103 a solu\u021biei politice. <\/span><\/p>\n<p align=\"JUSTIFY\"><span lang=\"ro-RO\">Sunt \u00een curs de rezolvare, cu \u0219anse evidente de succes, probleme precum func\u021bionarea \u0219colilor cu grafie latin\u0103 din st\u00e2nga Nistrului (care se afl\u0103 sub autoritatea Ministerului Educa\u021biei, Culturii \u0219i Cercet\u0103rii al Republicii Moldova), reluarea dreptului agricultorilor din raionul Dub\u0103sari de a-\u0219i prelucra terenurile agricole aflate dup\u0103 traseul Camenca-Tiraspol (un mecanism din anul 2006 a fost reluat din 1 august curent), asigurarea dreptului de a participa \u00een circula\u021bia interna\u021bional\u0103 pentru autoturismele transnistrene (din 9 octombrie, mijloacele de transport documentate \u00een punctele de \u00eenmatriculare din R\u00e2bni\u021ba \u0219i Tiraspol, care dispun de certificate de \u00eenmatriculare permanente \u0219i pl\u0103cu\u021be cu numere de \u00eenmatriculare neutre, sunt admise \u00een traficul rutier interna\u021bional), apostilarea diplomelor absolven\u021bilor Universit\u0103\u021bii \u201eTaras Sevcenco\u201d din Tiraspol de c\u0103tre autorit\u0103\u021bile de la Chi\u0219in\u0103u (astfel \u00eenc\u00e2t absolven\u021bii s\u0103 poat\u0103 evolua pe pia\u021ba muncii din str\u0103in\u0103tate). Ne a\u0219tept\u0103m, \u00een viitorul apropiat, ca p\u0103r\u021bile s\u0103 negocieze problema telecomunica\u021biilor (Chi\u0219in\u0103ul \u0219i Tiraspolul evoluez\u0103 \u00een spa\u021bii telecomunica\u021bionale diferite, cu efecte asupra tarifelor reciproce \u0219i interna\u021bionale, st\u00e2nga Nistrului fiind mai limitat\u0103 \u00een accesul la telefonia interna\u021bional\u0103). Poate, \u00eentr-un viitor mai \u00eendep\u0103rtat, vom vedea solu\u021bii la problemele liberei circula\u021bii \u0219i dosarelor penale deschise la Chi\u0219in\u0103u \u0219i Tiraspol unor locuitori de pe teritoriul necontrolat de c\u0103tre autorit\u0103\u021bile constitu\u021bionale \u2013 dar aici discu\u021biile sunt anevoioase, fiind foarte aproape de domeniul politic, pe care p\u0103r\u021bile \u00eel \u00een\u021beleg \u00een parametri diferi\u021bi, sau chiar opu\u0219i.<\/span><\/p>\n<p align=\"JUSTIFY\"><b><span lang=\"ro-RO\">Digi24.ro: Sunt voci care privesc cu ne\u00eencredere \u201epa\u015fii mici\u201d cu care \u00eencearc\u0103 s\u0103 se apropie Transnistria \u015fi Republica Moldova, av\u00e2nd \u00een vedere c\u00e2\u015ftigurile \u00een termeni de legitimitate \u015fi consolidare a statalit\u0103\u0163ii pe care le-ar urm\u0103ri autorit\u0103\u0163ile separatiste. Considera\u0163i \u00eentemeiate aceste temeri?<\/span><\/b><\/p>\n<p align=\"JUSTIFY\"><span lang=\"ro-RO\">\u00cen termeni tehnici, ced\u0103rile sunt reciproce, iar beneficiile, de asemenea. S-a negociat mult pentru dosarele \u00eencadrate strategiei \u201epa\u0219ilor mici\u201d \u2013 \u00eent\u00e2i pentru stabilirea listei, apoi pentru identificarea solu\u021biilor. \u00cen acest moment, niciuna dintre p\u0103r\u021bi nu declar\u0103 satisfac\u021bie total\u0103 sau nemul\u021bumire absolut\u0103 \u2013 ceea ce este un indicator clar al compromisului. <\/span><\/p>\n<p align=\"JUSTIFY\"><span lang=\"ro-RO\">Din punct de vedere politic, \u00eens\u0103, la Chi\u0219in\u0103u \u0219i din partea unor reputa\u021bi anali\u0219ti str\u0103ini se constat\u0103 un curent critic la adresa tacticilor Guvernului Republicii Moldova. Observa\u021bia principial\u0103 se refer\u0103 la faptul c\u0103 platforma de negociere \u201e5+2\u201d (\u201eConferin\u0163a Permanent\u0103 pe probleme politice \u00een procesul de reglementare transnistrean\u0103\u201d) a stabilit, \u00eenc\u0103 din anul 2012, trei co\u0219uri tematice pentru viitoarea interac\u021biune \u00eentre p\u0103r\u021bi: social-economic \/ problematica de drept, umanitar\u0103 \u0219i drepturile omului \/ aspecte institu\u021bionale, politice \u0219i de securitate. Din acel moment, partea transnistrean\u0103 a refuzat categoric abordarea celui de-al treilea co\u0219, care ar presupune negocierea politic\u0103 reintegr\u0103rii Transnistriei \u00een cadrul legal al Republicii Moldova. Op\u021biunea categoric\u0103 a Tiraspolului este independen\u021ba, urmat\u0103 de integrare \u00een Federa\u021bia Rus\u0103. Guvernul de la Chi\u0219in\u0103u a trebuit s\u0103 opteze \u00eentre negociere la primele dou\u0103 co\u0219uri sau \u00eencetarea procesului \u2013 de unde serioase riscuri de escaladare.<\/span><\/p>\n<p align=\"JUSTIFY\"><span lang=\"ro-RO\">Pe acest fond, criticii \u201epa\u0219ilor mici\u201d atrag aten\u021bia c\u0103 Guvernul Republicii Moldova renun\u021b\u0103 la atribu\u021biile sale suverane atunci c\u00e2nd, de exemplu, apostileaz\u0103 diplome eliberate la Tiraspol de c\u0103tre o universitate care nu evolueaz\u0103 \u00een sistemul de educa\u021bie na\u021bional (organizat\u0103 dup\u0103 modelul Federa\u021biei Ruse) sau accept\u0103 pentru pl\u0103cu\u021bele de \u00eenmatriculare ale autoturismelor din st\u00e2nga Nistrului un model separat de modelul oficial. \u0218i totu\u0219i, se produce \u0219i un beneficiu politic al Chi\u0219in\u0103ului, \u00een aceste cazuri: absolven\u021bii din Tiraspol \u0219i posesorii de autoturisme transnistreni (cu condi\u021bia de a de\u021bine permise de conducere auto \u0219i pa\u0219apoarte tehnice moldovene\u0219ti) se \u00eenscriu \u00een registrele administrative ale Republicii Moldova, iar prin aceasta \u00ee\u0219i asum\u0103 r\u0103spunderi legale \u2013 inclusiv sub aspectul tragerii la r\u0103spundere conform legisla\u021biei na\u021bionale.<\/span><\/p>\n<p align=\"JUSTIFY\"><b><span lang=\"ro-RO\">Digi24.ro: Cum caracteriza\u0163i abord\u0103rile pe care le au Pre\u015fedin\u0163ia \u015fi Guvernul Republicii Moldova \u00een chestiunea solu\u0163ion\u0103rii conflictului transnistrean? Exist\u0103 diferen\u0163e?<\/span><\/b><\/p>\n<p lang=\"ro-RO\" align=\"JUSTIFY\">\u00cen primul r\u00e2nd, exist\u0103 o diferen\u021b\u0103 de capacitate.<\/p>\n<p align=\"JUSTIFY\"><span lang=\"ro-RO\">Procesul de negociere este atributul Guvernului, care, \u00een acest scop, a instituit func\u021bia de Viceprim-ministru pentru Reintegrare \u2013 ocupat\u0103 \u00een prezent de c\u0103tre doamna Cristina Lesnic. Aceasta conduce structura specializat\u0103 a Cancelariei de Stat \u2013 Biroul Politici de Reintegrare, \u0219i coordoneaz\u0103 activit\u0103\u021bile tuturor autorit\u0103\u021bilor administra\u021biei publice \u00een procesul reintegr\u0103rii. Nu \u00een ultimul r\u00e2nd, coordoneaz\u0103 activitatea \u00een Grupurile sectoriale de lucru, care negociaz\u0103 aspectele tehnice ale reglement\u0103rii. Ast\u0103zi sunt constituite grupuri sectoriale pentru economie, comer\u0163 \u015fi activitate comercial\u0103 extern\u0103; pentru agricultur\u0103 \u015fi ocrotirea mediului; pentru educa\u0163ie; pentru transportul auto \u015fi dezvoltarea infrastructurii drumurilor, \u00een interiorul c\u0103ruia activeaz\u0103 \u0219i subgrupul de lucru pentru transport feroviar \u015fi comunica\u0163ii; pentru telecomunica\u0163ii \u015fi servicii po\u015ftale; pentru actele de stare civil\u0103 \u015fi documentarea popula\u0163iei; pentru drepturile omului; pentru demilitarizare \u0219i \u00eent\u0103rirea securit\u0103\u021bii; pentru combaterea criminalit\u0103\u021bii \u0219i situa\u021bii excep\u021bionale; pentru probleme vamale; pentru probleme sociale \u015fi ajutor umanitar; pentru ocrotirea s\u0103n\u0103t\u0103\u0163ii. A\u0219adar, tot acest sistem de negociere mobilizeaz\u0103 sute de func\u021bionari guvernamentali, coordona\u021bi \u00een mod unitar. \u00cen acest timp, Pre\u0219edin\u021bia se bazeaz\u0103 pe o structur\u0103 minimal\u0103 de consiliere pe tema transnistrean\u0103, coordonat\u0103 de c\u0103tre domnul Vasilii \u0218ova.<\/span><\/p>\n<p align=\"JUSTIFY\"><span lang=\"ro-RO\">\u00cen condi\u021biile \u00een care Pre\u0219edintele nu este decident, ne apare o diferen\u021b\u0103 strategic\u0103 de abordare a solu\u021bion\u0103rii conflictului. <\/span><\/p>\n<p align=\"JUSTIFY\"><span lang=\"ro-RO\">Pre\u0219edintele se coordoneaz\u0103 cu Federa\u021bia Rus\u0103 (fiind numeroase discu\u021biile cu Vladimir Putin \u0219i agen\u021bi guvernamentali de la Moscova) \u0219i \u00eencearc\u0103 s\u0103 convin\u0103 m\u0103car linii directoare cu liderul de la Tiraspol, Vadim Krasnoselski. Este adev\u0103rat, \u00eent\u00e2lnirile celor doi s-au soldat, de fiecare dat\u0103, cu concluzii diferite: Igor Dodon insist\u0103 ca principiu de negociere pe revenirea raioanelor din est \u00een spa\u021biul constitu\u021bional al Republicii Moldova, p\u0103str\u00e2nd variabil\u0103 doar formula de autonomie. Vadim Krasnoselski nu a cedat absolut deloc de la programul independentist al Tiraspolului, pe un ton aflat la limita diploma\u021biei.<\/span><\/p>\n<p lang=\"ro-RO\" align=\"JUSTIFY\">\u00cen acest timp, Guvernul consider\u0103 Federa\u021bia Rus\u0103 drept principalul adversar \u00een calea rezolv\u0103rii definitive a conflictului, \u0219i negociaz\u0103 doar \u00een formatele stabilite. Presa a comentat adesea despre faptul c\u0103 Guvernul \u0219i Pre\u0219edin\u021bia nu se coordoneaz\u0103 \u00een ac\u021biunile lor concrete, dar nici \u00een principii.<\/p>\n<p align=\"JUSTIFY\"><span lang=\"ro-RO\"><b>Digi24.ro: S\u0103 pornim de la trei momente. \u00cen<\/b><\/span><span lang=\"ro-RO\"><i><b> 20 Octombrie 2017<\/b><\/i><\/span><span lang=\"ro-RO\"><b>, Chi\u015fin\u0103ul cere ONU ca subiectul privind retragerea trupelor ruse\u015fti din regiunea transnistrean\u0103 s\u0103 nu fie inclus pe agenda \u015fedin\u0163ei din 23 octombrie 2017. \u00cen continuare, la <\/b><\/span><span lang=\"ro-RO\"><i><b>13 iunie 2018<\/b><\/i><\/span><span lang=\"ro-RO\"><b> este votat\u0103 o rezolu\u0163ie ONU, dar ea nu face referire la a\u015fa-numi\u0163ii pacificatori, ci doar la trupele GOTR. \u00cen <\/b><\/span><span lang=\"ro-RO\"><i><b>septembrie 2018<\/b><\/i><\/span><span lang=\"ro-RO\"><b>, a\u015fa-numitul ministru de Externe de la Tiraspol spune: \u201enoi nu facem diferen\u0163a \u00eentre Grupul Operativ al Trupelor Ruse (GOTR) \u015fi for\u0163ele de pacificare. (&#8230;) Mecanismul opera\u0163iunii de pacificare va r\u0103m\u00e2ne neschimbat p\u00e2n\u0103 nu vom g\u0103si o formul\u0103 final\u0103 pentru reglementarea transnistrean\u0103\u201d. Cum trebuie interpretat acest numitor comun pe zona prezen\u0163ei militare ruse, la care Chi\u015fin\u0103ul \u015fi Tiraspolul par s\u0103 fi ajuns?<\/b><\/span><\/p>\n<p align=\"JUSTIFY\"><span lang=\"ro-RO\">S\u0103 remarc\u0103m c\u0103 toate ac\u021biunile de politic\u0103 extern\u0103 prin care, recent, Chi\u0219in\u0103ul a ob\u021binut pozi\u021bii interna\u021bionale pentru retragerea trupelor ruse, sunt ini\u021biativa Guvernului \u0219i au fost criticate de c\u0103tre Pre\u0219edinte. Nu exist\u0103 o abordare unitar\u0103 a Chi\u0219in\u0103ului &#8211; dar, din nou, pozi\u021bia pre\u0219edintelui este mai slab\u0103.<\/span><\/p>\n<p align=\"JUSTIFY\"><span lang=\"ro-RO\">Nu a\u0219 vedea neap\u0103rat un numitor comun pe care s-au a\u0219ezat Chi\u0219in\u0103ul \u0219i Tiraspolul, la tema prezen\u021bei armatei ruse. Mai degrab\u0103 este o conjunctur\u0103 determinat\u0103 de apropierea alegerilor parlamentare la Chi\u0219in\u0103u (februarie 2019). \u00cen mod obiectiv, Guvernul nu mai proiecteaz\u0103 strategii importante dincolo de aceast\u0103 dat\u0103. Oric\u00e2nd, guvernele sau pre\u0219edin\u021bii care se vor succeda la Chi\u0219in\u0103u pot relua \u0219i avansa tema de acolo unde se afl\u0103 \u00een prezent.<\/span><\/p>\n<p align=\"JUSTIFY\"><span lang=\"ro-RO\">Pozi\u021bia principial\u0103 a Guvernului Republicii Moldova se poate rezuma astfel. GOTR este o derivat\u0103 din fosta Armat\u0103 a 14-a \u0219i se afl\u0103 ilegal pe teritoriul Republicii Moldova, unde p\u0103ze\u0219te depozitele cu muni\u0163ii din Colbasna. Rusia sus\u0163ine c\u0103 trupele sale au fost introduse pe teritoriul \u0163\u0103rii \u00eenainte de dob\u00e2ndirea suveranit\u0103\u0163ii, c\u00e2nd Moldova nu era subiect de drept interna\u021bional. A existat o \u00eencercare de reglementare a statutului GOTR \u00een anul 1994, c\u00e2nd \u00eentre Chi\u0219in\u0103u \u0219i Moscova a fost semnat \u201eAcordul cu privire la statutul legal, modalitatea \u015fi termenii de scoatere a forma\u0163iunilor militare a Federa\u0163iei Ruse, ce se afl\u0103 temporar pe teritoriul Republicii Moldova\u201d &#8211; care nu a fost ratificat de Duma de Stat a Federa\u0163iei Ruse. Acest Acord trebuia s\u0103 serveasc\u0103 drept baz\u0103 juridic\u0103 pentru dislocarea temporar\u0103 a trupelor ruse\u015fti, stipul\u00e2nd \u0219i modalitatea de retragere a acestora. \u00cen consecin\u021b\u0103, GOTR nu dispune ast\u0103zi de statut juridic pe teritoriul Republicii Moldova.<\/span><\/p>\n<p align=\"JUSTIFY\"><span lang=\"ro-RO\">\u00cen ce prive\u0219te contigentul rus din <\/span><span lang=\"ro-RO\">For\u0163ele Mixte de Pacificare<\/span><span lang=\"ro-RO\">, prezen\u0163a acestor trupe este reglementat\u0103 prin \u201eAcordul de aplanare pa\u015fnic\u0103 a conflictului militar \u00een regiunea transnistrean\u0103 a Republicii Moldova\u201d, semnat de pre\u015fedin\u0163ii Republicii Moldova \u0219i Federa\u021biei Ruse la 21 iulie 1992, urmat de adoptarea documentelor statutare ale Comisiei Unificate de Control. Articolul 4 al Acordului din 1992 reglementeaz\u0103 c\u0103 Armata a 14-a va respecta neutralitatea Republicii Moldova, \u0219i vor urma negocieri cu privire la statut, modalit\u0103\u0163i si termene de retragere. <\/span><\/p>\n<p align=\"JUSTIFY\"><span lang=\"ro-RO\">\u00cen fa\u021ba acestor argumente, Moscova \u0219i Tiraspolul se prezint\u0103 pe o singur\u0103 voce, invoc\u00e2nd riscul ca retragerea GOTR s\u0103 destabilizeze \u00eentregul format de pacificare.<\/span><\/p>\n<p align=\"JUSTIFY\"><span lang=\"ro-RO\"><b>Digi24.ro: Ce valoare le mai este atribuit\u0103 la Chi\u015fin\u0103u unor documente de referin\u0163\u0103 pentru dosarul transnistrean? De exemplu, Rezolu\u0163ia OSCE de la Istanbul (1999) nu face distinc\u0163ie \u00eentre cele dou\u0103 tipuri de contingente militare, iar \u00een legisla\u0163ia Republicii Moldova se fac trimiteri la retragerea integral\u0103 a militarilor ru\u015fi, deci sesiz\u0103m aceea\u015fi absen\u0163\u0103 a distinc\u0163iei, ca parte esen\u0163ial\u0103 a solu\u0163ion\u0103rii conflictului transnistrean. <\/b><\/span><\/p>\n<p align=\"JUSTIFY\"><span lang=\"ro-RO\">Confuzia abord\u0103rii provine din complexitatea problemei. \u00cen prezent, GOTR se antreneaz\u0103 intens sub comanda Districtului de Vest al Ministerului Ap\u0103r\u0103rii din Moscova (din care face parte), \u00eempreun\u0103 cu trupele Tiraspolului. Cele dou\u0103 categorii de for\u021be defileaz\u0103 \u00eempreun\u0103 \u00een centrul Tiraspolului la s\u0103rb\u0103tori politice locale sau la data de 9 Mai. Guvernul Republicii Moldova consider\u0103 intolerabil\u0103 prezen\u021ba \u0219i activitatea GOTR \u0219i a luat m\u0103suri efective. Spre exemplu, militarii veni\u021bi din Federa\u021bia Rus\u0103 pentru a-i \u00eenlocui pe cei care au \u00eencheiat stagiul militar au fost \u00eentor\u0219i \u00een \u021bara de origine de la Aeroportul Chi\u0219in\u0103u sau oriunde pe teritoriul republicii unde au fost identifica\u021bi.<\/span><\/p>\n<p lang=\"ro-RO\" align=\"JUSTIFY\">A\u0219adar, Tiraspolul (f\u0103r\u0103 \u00eendoial\u0103, \u00een coordonare cu Moscova) invoc\u0103 participarea GOTR la formatul de pacificare, \u00een scopul men\u021binerii trupelor ruse pe loc; Chi\u0219in\u0103ul acuz\u0103 sprijinul f\u0103\u021bi\u0219 pentru structurile militare ale Tiraspolului \u0219i \u00eenc\u0103lcarea principiului constitu\u021bional al neutralit\u0103\u021bii Republicii Moldova, prin prezen\u021ba unor trupe str\u0103ine pe teritoriul s\u0103u.<\/p>\n<p align=\"JUSTIFY\"><span lang=\"ro-RO\">Conex\u00e2nd cele de mai sus cu problema reglement\u0103rii transnistrene, Tiraspolul consider\u0103 c\u0103 retragerea trupelor ruse poate fi negociat\u0103 dup\u0103 ob\u021binerea acordului politic (aici avem o pozi\u021bie comun\u0103 cu Federa\u021bia Rus\u0103 \u0219i, se pare, cu a pre\u0219edintelui Igor Dodon), iar Chi\u0219in\u0103ul consider\u0103 c\u0103 nicio solu\u021bie viabil\u0103 nu poate fi decis\u0103 c\u00e2t timp trupele ruse se afl\u0103 \u00een st\u00e2nga Nistrului.<\/span><\/p>\n<p align=\"JUSTIFY\"><b><span lang=\"ro-RO\">Digi24.ro: Ce muta\u0163ii \u00een politica de la Chi\u015fin\u0103u, ori \u00een dinamica regional\u0103 au impulsionat abordarea de azi a autorit\u0103\u0163ilor moldovene, care par foarte tentate s\u0103 privilegieze solu\u0163ionarea politic\u0103 \u00eenaintea celei militare?<\/span><\/b><\/p>\n<p align=\"JUSTIFY\"><span lang=\"ro-RO\">Este o constant\u0103 a procesului de reglementare, spre deosebire de felul \u00een care au evoluat lucrurile \u00een cazul celorlalte conflicte \u00eenghe\u021bate de la marginile fostei Uniuni Sovietice. Chiar atunci c\u00e2nd am auzit amenin\u021b\u0103ri cu reluarea luptelor, au fost declara\u021bii tactice cu scop politic, niciodat\u0103 \u00een mod serios considerate la Chi\u0219in\u0103u sau Tiraspol. \u00centr-at\u00e2t de \u00eendep\u0103rtat\u0103 pare solu\u021bia militar\u0103 pentru societatea moldoveneasc\u0103, \u00eenc\u00e2t sondajele de opinie aplicate la Chi\u0219in\u0103u dau problema transnistrean\u0103, \u00een ierarhia riscurilor social-politice, pe o pozi\u021bie inferioar\u0103 &#8211; dup\u0103 s\u0103r\u0103cie, corup\u021bie, nevoia de locuri de munc\u0103. Ai impresia c\u0103 t\u00e2n\u0103ra genera\u021bie nu mai \u0219tie \u0219i nu vrea s\u0103 \u0219tie c\u0103 un conflict nesolu\u021bionat, la c\u00e2teva zeci de kilometri de Chi\u0219in\u0103u, ar putea readuce vremurile r\u0103zboiului. \u00cen schimb, structurile de for\u021b\u0103 de la Chi\u0219in\u0103u \u0219i Tiraspol par c\u0103 se preg\u0103tesc continuu pentru aceast\u0103 eventualitate nefericit\u0103.<\/span><\/p>\n<p align=\"JUSTIFY\"><span lang=\"ro-RO\">\u0218i factorii interna\u021bionali au presat p\u0103r\u021bile \u00een conflict pentru o abordare pacifist\u0103. Este interesant faptul c\u0103 pozi\u021bia radical\u0103 a Ucrainei (aflat\u0103 \u00een r\u0103zboi nedeclarat cu Federa\u021bia Rus\u0103) a contat pu\u021bin \u00een radicalizarea pozi\u021biilor Chi\u0219in\u0103ului. <\/span><\/p>\n<p align=\"JUSTIFY\"><b><span lang=\"ro-RO\">Digi24.ro: Este dob\u00e2ndirea de c\u0103tre Transnistria a unui statut special \u00een interiorul Republicii Moldova un subiect care are \u015fanse s\u0103 devin\u0103 de actualitate \u00een urm\u0103toarea perioad\u0103?<\/span><\/b><\/p>\n<p align=\"JUSTIFY\"><span lang=\"ro-RO\">Este absolut necesar. Raioanele din est nu pot fi reintegrate \u00een formula administrativ\u0103 dinainte de separare \u2013 lucru recunoscut \u0219i de legisla\u021bia adoptat\u0103 la Chi\u0219in\u0103u \u00een 2005, care introduce ideea statutului juridic special. <\/span><\/p>\n<p lang=\"ro-RO\" align=\"JUSTIFY\">Dincolo de Nistru func\u021bioneaz\u0103 \u0219i s-au consolidat institu\u021bii \u0219i mentalit\u0103\u021bi care nu pot fi ignorate, \u0219i care preseaz\u0103 puternic spre independen\u021b\u0103. Acest corp social poate fi readus \u00een cadrele aceluia\u0219i stat doar oferind un compromis complicat \u00eentre nevoile administrative ale statului unic \u0219i comportamentul de corp social puternic individualizat al societ\u0103\u021bii din st\u00e2nga Nistrului.<\/p>\n<p lang=\"ro-RO\" align=\"JUSTIFY\">Alternativa este for\u021ba. \u00cen aceast\u0103 ipotez\u0103, rezultatul nu este pentru nimeni previzibil.<\/p>\n<p align=\"JUSTIFY\"><span lang=\"ro-RO\"><b>Digi24.ro: \u00cen eventualitatea acord\u0103rii unui statut special pentru Transnistria, poate fi acesta configurat astfel \u00eenc\u00e2t s\u0103 nu confere Rusiei p\u00e2rghii concrete de influen\u0163are a politicii externe \u015fi interne a Republicii Moldova? Ori, din contra, cele dou\u0103 elemente nu pot fi sub nicio form\u0103 separate?<\/b><\/span><\/p>\n<p align=\"JUSTIFY\"><span lang=\"ro-RO\">\u00cen precedentele proiecte de reglementare a conflictului, lansate de c\u0103tre diver\u0219i politicieni sau politologi, cre\u0219terea influen\u021bei factorului rus a fost o constant\u0103, \u00een grade \u0219i formule diferite.<\/span><\/p>\n<p lang=\"ro-RO\" align=\"JUSTIFY\">Simplific\u00e2nd foarte mult problema, \u00een momentul \u00een care corpul electoral din st\u00e2nga Nistrului se va ata\u0219a electoratului prezent \u00een Republica Moldova, echilibrul fragil de ast\u0103zi (care d\u0103 c\u00e2teva procente \u00een favoarea for\u021belor pro-europene sau pro-ruse, la fiecare alegere a parlamentului sau pre\u0219edintelui) se va transforma \u00eentr-un avantaj solid \u0219i pe termen lung \u00een favoarea celor din urm\u0103.<\/p>\n<p align=\"JUSTIFY\"><span lang=\"ro-RO\"><b>Digi24.ro:<\/b><\/span> <span lang=\"ro-RO\"><b>\u00cen tot acest puzzle de interese, ini\u0163iative, ori obiective strategice mai mult sau mai pu\u0163in recunoscute de c\u0103tre p\u0103r\u0163i \u2013 de la cele dou\u0103 direct vizate, p\u00e2n\u0103 la vecinii lor, marile puteri \u015fi institu\u0163iile interna\u0163ionale \u2013 c\u00e2t de proeminent mai este rolul jucat de Rom\u00e2nia? <\/b><\/span><\/p>\n<p align=\"JUSTIFY\"><span lang=\"ro-RO\">Rom\u00e2nia nu este parte \u00een procesul de negociere. \u00cen platforma decisiv\u0103 pentru viitorul problemei transnistrene, cunoscut\u0103 drept \u201e5+2\u201d, (Chi\u0219in\u0103ul \u0219i Tiraspolul \u00een calitate de p\u0103r\u021bi; Federa\u021bia Rus\u0103, OSCE \u0219i Ucraina \u00een calitate de mediatori; Uniunea European\u0103 \u0219i Statele Unite ale Americii \u00een calitate de observatori), Rom\u00e2nia are implicarea pe care i-o permite calitatea de membru \u00een Uniunea European\u0103 \u0219i OSCE. O voce mai puternic\u0103 \u00een primul caz \u0219i mai slab\u0103 \u00een cel de-al doilea, av\u00e2nd \u00een vedere calitatea Federa\u021biei Ruse de membru OSCE \u0219i sistemul decizional de acolo \u2013 care presupune unanimitate. <\/span><\/p>\n<p align=\"JUSTIFY\"><span lang=\"ro-RO\">Rom\u00e2nia sprijin\u0103 pozi\u021bia Guvernului Republicii Moldova cu mijloacele de care dispune. Recent, Viceprim-ministrul pentru reintegrare Cristina Lesnic a fost primit\u0103 la Bucure\u0219ti de c\u0103tre Ministerul Afacerilor Externe (consult\u00e2ndu-se la nivel de ministru \u0219i secretar de stat), dar \u0219i cu <\/span><span lang=\"ro-RO\">Consilierul preziden\u021bial pentru politic\u0103 extern\u0103 din Rom\u00e2nia, Bogdan Aurescu, apoi cu <\/span><span lang=\"ro-RO\">Viceprim-ministrul pentru implementarea parteneriatelor strategice ale Rom\u00e2niei, Ana Birchall. Toate acestea \u00een avanpremiera \u00eentrevederii lui Teodor Mele\u0219canu cu <\/span><span lang=\"ro-RO\">Franco Frattini, Reprezentant Special al Pre\u0219edin\u021biei \u00een exerci\u021biu a OSCE pentru procesul de reglementare transnistrean\u0103, \u00eenso\u021bit de noul \u0219ef al Misiunii OSCE \u00een Republica Moldova, Claus Neukirch. Desigur c\u0103 temele ridicate de c\u0103tre doamna Lesnic au ajuns la Franco Frattini, cu greutatea sprijinului rom\u00e2nesc.<\/span><\/p>\n<p lang=\"ro-RO\" align=\"JUSTIFY\">Tema cea mai puternic asumat\u0103 de c\u0103tre Rom\u00e2nia este continuitatea \u0219i func\u021bionalitatea \u0219colilor cu grafie latin\u0103 din st\u00e2nga Nistrului, pentru care s-au g\u0103sit formule de sprijin material, didactic \u0219i simbolic. Mul\u021bi dintre profesorii de acolo sunt cet\u0103\u021beni rom\u00e2ni \u0219i au fost decora\u021bi de c\u0103tre pre\u0219edin\u021bii statului nostru.<\/p>\n<p lang=\"ro-RO\" align=\"JUSTIFY\">Suntem obliga\u021bi s\u0103 consemn\u0103m mai multe voci autorizate de la Chi\u0219in\u0103u, care cer implicarea direct\u0103 a Rom\u00e2niei \u00een procesul de reglementare.<\/p>\n<p align=\"JUSTIFY\"><span lang=\"ro-RO\">Remarc\u0103m, \u00een final, c\u0103 statul rom\u00e2n nu \u00eentre\u021bine rela\u021bii cu structurile de facto de la Tiraspol, av\u00e2nd \u00een vedere statutul lor nerecunoscut. Dar sunt constituite alte formule care s\u0103 marcheze interesul firesc al societ\u0103\u021bii rom\u00e2ne\u0219ti pentru ceea ce se \u00eent\u00e2mpl\u0103 la numai 150 kilometri de grani\u021ba sa. Un investitor rom\u00e2n a deschis recent o fabric\u0103, iar agen\u021bi economici rom\u00e2ni deruleaz\u0103 contracte acolo (desigur, mult sub poten\u021bialul lor). \u00cen planul expertizei politice, dau exemplul Laboratorului pentru Analiza Conflictului Transnistrean ca structur\u0103 de cercetare a Universit\u0103\u021bii \u201eLucian Blaga\u201d din Sibiu (pe care \u00eel coordonez), care a implementat mai multe proiecte de cercetare \u00een cooperare cu exper\u021bi din Chi\u0219in\u0103u, Tiraspol \u0219i Moscova, \u0219i care ofer\u0103 deciden\u021bilor politici, anali\u0219tilor \u0219i publicului c\u0103r\u021bi, reviste, studii, articole, analize, interviuri \u0219i rapoarte de cercetare care pot informa \u0219i orienta interesul rom\u00e2nesc pentru realitatea transnistrean\u0103.<\/span><\/p>\n<p align=\"JUSTIFY\"><em><strong>*Profesorul Eugen Str\u0103u\u0163iu coordoneaz\u0103 <a href=\"https:\/\/centers.ulbsibiu.ro\/ccsprise\/lact\/\" target=\"_blank\" rel=\"noopener noreferrer\" data-skip-linkfix=\"1\">Laboratorul pentru Analiza Conflictului Trannsitrean<\/a> (LACT) din cadrul Universit\u0103\u0163ii &#8220;Lucian Blaga&#8221; din Sibiu<\/strong><\/em><\/p>\n<p align=\"JUSTIFY\">Sursa:\u00a0<a href=\"https:\/\/www.digi24.ro\/opinii\/ai-impresia-ca-tanara-generatie-nu-vrea-sa-stie-ca-un-conflict-nesolutionat-la-cateva-zeci-de-kilometri-de-chisinau-ar-putea-readuce-vremurile-razboiului-1026415\">https:\/\/www.digi24.ro\/<\/a><\/p>\n","protected":false},"excerpt":{"rendered":"<p>\u201e\u00cen momentul \u00een care corpul electoral din st\u00e2nga Nistrului se va ata\u0219a electoratului prezent \u00een Republica Moldova, echilibrul fragil de ast\u0103zi (care d\u0103 c\u00e2teva procente \u00een favoarea for\u021belor pro-europene sau pro-ruse, la fiecare alegere a parlamentului sau pre\u0219edintelui) se va transforma \u00eentr-un avantaj solid \u0219i pe termen lung \u00een favoarea celor din urm\u0103\u201d, consider\u0103 profesorul&#8230;<\/p>\n","protected":false},"author":2,"featured_media":0,"comment_status":"closed","ping_status":"open","sticky":false,"template":"","format":"standard","meta":[],"categories":[1],"tags":[],"_links":{"self":[{"href":"https:\/\/centers.ulbsibiu.ro\/ccsprise\/lact\/wp-json\/wp\/v2\/posts\/5569"}],"collection":[{"href":"https:\/\/centers.ulbsibiu.ro\/ccsprise\/lact\/wp-json\/wp\/v2\/posts"}],"about":[{"href":"https:\/\/centers.ulbsibiu.ro\/ccsprise\/lact\/wp-json\/wp\/v2\/types\/post"}],"author":[{"embeddable":true,"href":"https:\/\/centers.ulbsibiu.ro\/ccsprise\/lact\/wp-json\/wp\/v2\/users\/2"}],"replies":[{"embeddable":true,"href":"https:\/\/centers.ulbsibiu.ro\/ccsprise\/lact\/wp-json\/wp\/v2\/comments?post=5569"}],"version-history":[{"count":2,"href":"https:\/\/centers.ulbsibiu.ro\/ccsprise\/lact\/wp-json\/wp\/v2\/posts\/5569\/revisions"}],"predecessor-version":[{"id":8117,"href":"https:\/\/centers.ulbsibiu.ro\/ccsprise\/lact\/wp-json\/wp\/v2\/posts\/5569\/revisions\/8117"}],"wp:attachment":[{"href":"https:\/\/centers.ulbsibiu.ro\/ccsprise\/lact\/wp-json\/wp\/v2\/media?parent=5569"}],"wp:term":[{"taxonomy":"category","embeddable":true,"href":"https:\/\/centers.ulbsibiu.ro\/ccsprise\/lact\/wp-json\/wp\/v2\/categories?post=5569"},{"taxonomy":"post_tag","embeddable":true,"href":"https:\/\/centers.ulbsibiu.ro\/ccsprise\/lact\/wp-json\/wp\/v2\/tags?post=5569"}],"curies":[{"name":"wp","href":"https:\/\/api.w.org\/{rel}","templated":true}]}}