{"id":5565,"date":"2018-11-03T17:45:05","date_gmt":"2018-11-03T15:45:05","guid":{"rendered":"https:\/\/centers.ulbsibiu.ro\/ccsprise\/lact\/?p=5565"},"modified":"2018-11-03T17:45:24","modified_gmt":"2018-11-03T15:45:24","slug":"deschide-md-ulianovischi-aplicatiile-militare-care-au-loc-in-regiunea-transnistreana-sunt-o-provocare","status":"publish","type":"post","link":"https:\/\/centers.ulbsibiu.ro\/ccsprise\/lact\/deschide-md-ulianovischi-aplicatiile-militare-care-au-loc-in-regiunea-transnistreana-sunt-o-provocare\/","title":{"rendered":"Deschide.md &#8211; Ulianovischi: Aplica\u021biile militare care au loc \u00een regiunea transnistrean\u0103 sunt o provocare"},"content":{"rendered":"<p>Author: Pavel Maftei<\/p>\n<p>Ministrul afacerilor externe \u0219i integr\u0103rii europene, Tudor Ulianovschi, sus\u021bine c\u0103 aplica\u021biile militare care au loc \u00een regiunea transnistrean\u0103, pe teritoriul Republicii Moldova, sunt o provocare. Iar autorit\u0103\u021bile vor fi tot timpul vehemente pentru a critica aceast\u0103 practic\u0103. \u201eLucr\u0103m cu OSCE-ul \u0219i cu alte structuri pentru a promova pozi\u021bia noastr\u0103\u201d, a declarat \u0219eful diploma\u021biei moldovene\u0219ti \u00eentr-un interviu pentru Radio Europa Liber\u0103, citat de IPN.<\/p>\n<p>\u201eNoi trebuie s\u0103 vocifer\u0103m ceea ce consider\u0103m noi c\u0103 este important pentru Republica Moldova. \u0218i aceast\u0103 pozi\u021bie a Republicii Moldova a prins contur atunci c\u00e2nd la New York, pe 22 iunie, a fost votat\u0103 rezolu\u021bia, care a reprezentat un semnal \u0219i o presiune pozitiv\u0103 pentru Federa\u021bia Rus\u0103 ca existen\u021ba unei solidarit\u0103\u021bi interna\u021bionale pe acest subiect. Da, rezolu\u021bia nu este una coercitiv\u0103, Consiliul ONU pentru Securitate, dar este un semnal c\u0103 ONU sus\u021bine pozi\u021bia Republicii Moldova \u0219i de fapt reitereaz\u0103 angajamentul anterior asumat la Istanbul \u00een 1999 de c\u0103tre Federa\u021bia Rus\u0103 pentru a relua procesul de evacuare a trupelor \u0219i muni\u021biilor\u201d, a notat ministrul.<\/p>\n<p>Potrivit lui, este necesar\u0103 precizarea care \u021bine de dou\u0103 tipuri de trupe ruse\u0219ti pe teritoriul Republicii Moldova, \u00een regiune \u2013 for\u021bele de men\u021binere a p\u0103cii \u0219i acel Grup operativ al for\u021belor ruse. Ministrul spune c\u0103 GOTR-ul este de fapt o reminiscen\u021b\u0103 a Armatei a 14-a a Uniunii Sovietice. \u201e\u0218i aici aceast\u0103 rezolu\u021bie la ONU fixeaz\u0103 elementul distinctiv \u00eentre ambele tipuri de for\u021be ruse\u0219ti \u0219i doi: spune foarte clar nevoia de a retrage aceste trupe \u0219i muni\u021bii. \u00cen opinia noastr\u0103, aplica\u021biile militare care au loc \u00een Transnistria, pe teritoriul Republicii Moldova, sunt o provocare \u0219i tot timpul vom fi vocali \u0219i vehemen\u021bi pentru a critica aceast\u0103 practic\u0103. Lucr\u0103m cu OSCE-ul \u0219i cu alte structuri pentru a promova pozi\u021bia noastr\u0103\u201d, sus\u021bine \u0219eful diploma\u021biei.<\/p>\n<p>Tudor Ulianovschi a mai spus c\u0103 rela\u021bia cu Federa\u021bia Rus\u0103 este multidimensional\u0103 \u0219i ea se dezvolt\u0103 pe filiera Pre\u0219edin\u021biei, pe filiera parlamentar\u0103, pe filiera guvernamental\u0103, economic\u0103, social\u0103 etc. \u201eNoi dorim s\u0103 avem o rela\u021bie constructiv\u0103, pragmatic\u0103, dar \u0219i corect\u0103 cu Federa\u021bia Rus\u0103, care s\u0103 nu afecteze independen\u021ba, suveranitatea na\u021bional\u0103 a Republicii Moldova\u201d, spune oficialul.<\/p>\n<p>Ministrul de externe s-a referit \u0219i la rela\u021biile externe cu Bruxelles \u0219i Washington, subliniind c\u0103 Acordul de Asociere cu UE nu vine \u00een contradic\u021bie cu angajamentele Republicii Moldova \u00een cadrul CSI. \u00cen alt\u0103 ordine, ministrul a mai spus c\u0103 SUA sunt gata s\u0103 continue sprijinul pentru a asigura buna guvernare \u00een Republica Moldova \u0219i sunt gata s\u0103 sus\u021bin\u0103 Republica Moldova \u00een parcursul european \u0219i pe reglementarea pa\u0219nic\u0103 a conflictului transnistrean.<\/p>\n<p>Sursa:\u00a0<a href=\"https:\/\/deschide.md\/ro\/stiri\/politic\/38996\/Ulianovischi-Aplica\u021biile-militare-care-au-loc-\u00een-regiunea-transnistrean\u0103-sunt-o-provocare.htm\">https:\/\/deschide.md\/<\/a><\/p>\n","protected":false},"excerpt":{"rendered":"<p>Author: Pavel Maftei Ministrul afacerilor externe \u0219i integr\u0103rii europene, Tudor Ulianovschi, sus\u021bine c\u0103 aplica\u021biile militare care au loc \u00een regiunea transnistrean\u0103, pe teritoriul Republicii Moldova, sunt o provocare. Iar autorit\u0103\u021bile vor fi tot timpul vehemente pentru a critica aceast\u0103 practic\u0103. \u201eLucr\u0103m cu OSCE-ul \u0219i cu alte structuri pentru a promova pozi\u021bia noastr\u0103\u201d, a declarat \u0219eful&#8230;<\/p>\n","protected":false},"author":2,"featured_media":0,"comment_status":"closed","ping_status":"open","sticky":false,"template":"","format":"standard","meta":[],"categories":[1],"tags":[],"_links":{"self":[{"href":"https:\/\/centers.ulbsibiu.ro\/ccsprise\/lact\/wp-json\/wp\/v2\/posts\/5565"}],"collection":[{"href":"https:\/\/centers.ulbsibiu.ro\/ccsprise\/lact\/wp-json\/wp\/v2\/posts"}],"about":[{"href":"https:\/\/centers.ulbsibiu.ro\/ccsprise\/lact\/wp-json\/wp\/v2\/types\/post"}],"author":[{"embeddable":true,"href":"https:\/\/centers.ulbsibiu.ro\/ccsprise\/lact\/wp-json\/wp\/v2\/users\/2"}],"replies":[{"embeddable":true,"href":"https:\/\/centers.ulbsibiu.ro\/ccsprise\/lact\/wp-json\/wp\/v2\/comments?post=5565"}],"version-history":[{"count":1,"href":"https:\/\/centers.ulbsibiu.ro\/ccsprise\/lact\/wp-json\/wp\/v2\/posts\/5565\/revisions"}],"predecessor-version":[{"id":5566,"href":"https:\/\/centers.ulbsibiu.ro\/ccsprise\/lact\/wp-json\/wp\/v2\/posts\/5565\/revisions\/5566"}],"wp:attachment":[{"href":"https:\/\/centers.ulbsibiu.ro\/ccsprise\/lact\/wp-json\/wp\/v2\/media?parent=5565"}],"wp:term":[{"taxonomy":"category","embeddable":true,"href":"https:\/\/centers.ulbsibiu.ro\/ccsprise\/lact\/wp-json\/wp\/v2\/categories?post=5565"},{"taxonomy":"post_tag","embeddable":true,"href":"https:\/\/centers.ulbsibiu.ro\/ccsprise\/lact\/wp-json\/wp\/v2\/tags?post=5565"}],"curies":[{"name":"wp","href":"https:\/\/api.w.org\/{rel}","templated":true}]}}