{"id":5563,"date":"2018-11-03T17:33:40","date_gmt":"2018-11-03T15:33:40","guid":{"rendered":"https:\/\/centers.ulbsibiu.ro\/ccsprise\/lact\/?p=5563"},"modified":"2018-11-03T17:33:40","modified_gmt":"2018-11-03T15:33:40","slug":"infotag-md-transnistria-considera-ca-reformarea-armatei-moldovei-este-foarte-periculoasa","status":"publish","type":"post","link":"https:\/\/centers.ulbsibiu.ro\/ccsprise\/lact\/infotag-md-transnistria-considera-ca-reformarea-armatei-moldovei-este-foarte-periculoasa\/","title":{"rendered":"Infotag.md &#8211; TRANSNISTRIA CONSIDER\u0102 C\u0102 REFORMAREA ARMATEI MOLDOVEI ESTE \u201eFOARTE PERICULOAS\u0102\u201d"},"content":{"rendered":"<p>Transnistria consider\u0103 c\u0103 reformarea Armatei Moldovei dup\u0103 standardele NATO este \u201efoarte periculoas\u0103\u201d. Despre aceasta a declarat ministrul afacerilor externe al autoproclamatei RMN, Vitalii Ignatiev, \u00eentr-un interviu pentru EurAsia Daily.<br \/>\nPotrivit agen\u0163iei INFOTAG, el s-a ar\u0103tat \u00eengrijorat de faptul c\u0103 armata moldoveneasc\u0103 \u00een ultimul timp \u201ecoopereaz\u0103 activ cu Rom\u00e2nia, ceea de \u00eenseamn\u0103 NATO\u201d.<br \/>\n\u201eNATO \u00ee\u015fi extinde cooperarea de infrastructur\u0103 \u0219i desf\u0103\u015foar\u0103 activ extinderea \u00een domeniul educa\u021biei. Mul\u021bi ofi\u021beri moldoveni \u00ee\u0219i \u00eembun\u0103t\u0103\u021besc performan\u0163a \u00een SUA \u0219i Europa. A fost format un batalion moldo-rom\u00e2n, care particip\u0103 constant la opera\u021biunile KFOR, ceea ce \u00eenseamn\u0103 c\u0103 c\u00e2\u0219tig\u0103 experien\u021b\u0103. Armata Moldovei se adapteaz\u0103 de mult standardelor NATO. Ce \u00eenseamn\u0103 asta? Noi sisteme de control, noi principii de coordonare a luptelor pe tipuri de trupe, iar aceasta \u00eenseamn\u0103 \u015fi arme noi. Consider\u0103m c\u0103 acest lucru este extrem de periculos\u201d, a recunoscut Ignatiev.<br \/>\nEl a reamintit c\u0103 extinderea NATO este privit\u0103 de Federa\u021bia Rus\u0103 ca o amenin\u021bare militar-strategic\u0103.<br \/>\n\u201eSuntem \u00eengrijora\u0163i de orice element al tensiunilor militaro-politice. Apar \u00eentreb\u0103ri \u00een privin\u0163a consolid\u0103rii pozi\u021biei acestui bloc \u00een Moldova \u0219i tranzi\u021bia sistemic\u0103 a armatei moldovene\u0219ti sub controlul de facto al Alian\u021bei Nord-Atlantice. Mai mult, Moldova inten\u021bioneaz\u0103 s\u0103 formeze o armat\u0103 profesional\u0103. Chi\u0219in\u0103ul nu are bani pentru acest lucru \u0219i este clar c\u0103 aceasta va fi, \u00een esen\u021b\u0103, o armata creat\u0103 \u0219i condus\u0103 de NATO\u201d, a spus \u0219eful MAE al regiunii.<br \/>\nPotrivit lui, \u201eMoldova a adoptat recent o doctrin\u0103 militar\u0103, iar prezen\u021ba Rusiei \u00een Transnistria a fost numit\u0103 acolo drept amenin\u021bare\u201d.<br \/>\n\u201eDar, av\u00e2nd \u00een vedere c\u0103 nu avem alte unit\u0103\u021bi militare ruse\u0219ti dec\u00e2t cele de men\u021binere a p\u0103cii, se pare c\u0103 o amenin\u021bare este \u00eens\u0103\u0219i existen\u021ba pacificatorilor. Dar dac\u0103 vom elimina for\u021bele de men\u021binere a p\u0103cii, ar putea ap\u0103rea consecin\u021be ireversibile\u201d, a subliniat Ignatiev.<br \/>\nEl a spus c\u0103, de\u0219i \u201eRMN are o doctrin\u0103 exclusiv defensiv\u0103, republica acord\u0103 o aten\u021bie deosebit\u0103 problemelor de ap\u0103rare\u201d.<br \/>\n\u201eDa, tehnica noastr\u0103 este veche, \u00eenc\u0103 sovietic\u0103, dar este func\u0163ional\u0103 \u0219i este suficient\u0103\u201d, a declarat Ignatiev, subliniind c\u0103 armata transnistrean\u0103 este capabil\u0103 s\u0103 fac\u0103 fa\u021b\u0103 principalelor provoc\u0103ri.<\/p>\n<p>Sursa:\u00a0<a href=\"http:\/\/www.infotag.md\/rebelion-ro\/268775\/\">http:\/\/www.infotag.md\/<\/a><\/p>\n","protected":false},"excerpt":{"rendered":"<p>Transnistria consider\u0103 c\u0103 reformarea Armatei Moldovei dup\u0103 standardele NATO este \u201efoarte periculoas\u0103\u201d. Despre aceasta a declarat ministrul afacerilor externe al autoproclamatei RMN, Vitalii Ignatiev, \u00eentr-un interviu pentru EurAsia Daily. Potrivit agen\u0163iei INFOTAG, el s-a ar\u0103tat \u00eengrijorat de faptul c\u0103 armata moldoveneasc\u0103 \u00een ultimul timp \u201ecoopereaz\u0103 activ cu Rom\u00e2nia, ceea de \u00eenseamn\u0103 NATO\u201d. \u201eNATO \u00ee\u015fi extinde&#8230;<\/p>\n","protected":false},"author":2,"featured_media":0,"comment_status":"closed","ping_status":"open","sticky":false,"template":"","format":"standard","meta":[],"categories":[1],"tags":[],"_links":{"self":[{"href":"https:\/\/centers.ulbsibiu.ro\/ccsprise\/lact\/wp-json\/wp\/v2\/posts\/5563"}],"collection":[{"href":"https:\/\/centers.ulbsibiu.ro\/ccsprise\/lact\/wp-json\/wp\/v2\/posts"}],"about":[{"href":"https:\/\/centers.ulbsibiu.ro\/ccsprise\/lact\/wp-json\/wp\/v2\/types\/post"}],"author":[{"embeddable":true,"href":"https:\/\/centers.ulbsibiu.ro\/ccsprise\/lact\/wp-json\/wp\/v2\/users\/2"}],"replies":[{"embeddable":true,"href":"https:\/\/centers.ulbsibiu.ro\/ccsprise\/lact\/wp-json\/wp\/v2\/comments?post=5563"}],"version-history":[{"count":1,"href":"https:\/\/centers.ulbsibiu.ro\/ccsprise\/lact\/wp-json\/wp\/v2\/posts\/5563\/revisions"}],"predecessor-version":[{"id":5564,"href":"https:\/\/centers.ulbsibiu.ro\/ccsprise\/lact\/wp-json\/wp\/v2\/posts\/5563\/revisions\/5564"}],"wp:attachment":[{"href":"https:\/\/centers.ulbsibiu.ro\/ccsprise\/lact\/wp-json\/wp\/v2\/media?parent=5563"}],"wp:term":[{"taxonomy":"category","embeddable":true,"href":"https:\/\/centers.ulbsibiu.ro\/ccsprise\/lact\/wp-json\/wp\/v2\/categories?post=5563"},{"taxonomy":"post_tag","embeddable":true,"href":"https:\/\/centers.ulbsibiu.ro\/ccsprise\/lact\/wp-json\/wp\/v2\/tags?post=5563"}],"curies":[{"name":"wp","href":"https:\/\/api.w.org\/{rel}","templated":true}]}}