{"id":5561,"date":"2018-11-03T17:28:16","date_gmt":"2018-11-03T15:28:16","guid":{"rendered":"https:\/\/centers.ulbsibiu.ro\/ccsprise\/lact\/?p=5561"},"modified":"2018-11-03T17:28:16","modified_gmt":"2018-11-03T15:28:16","slug":"radiochisinau-md-solutia-in-problema-transnistreana-nu-va-putea-fi-adusa-din-exterior-a-declarat-la-minsk-premierul-pavel-filip","status":"publish","type":"post","link":"https:\/\/centers.ulbsibiu.ro\/ccsprise\/lact\/radiochisinau-md-solutia-in-problema-transnistreana-nu-va-putea-fi-adusa-din-exterior-a-declarat-la-minsk-premierul-pavel-filip\/","title":{"rendered":"Radiochisinau.md &#8211; Solu\u021bia \u00een problema transnistrean\u0103 nu va putea fi adus\u0103 din exterior, a declarat la Minsk premierul Pavel Filip"},"content":{"rendered":"<p>Importan\u021ba solu\u021bion\u0103rii conflictelor regionale \u0219i identific\u0103rii noilor abord\u0103ri \u00een materie de securitate, a fost discutat\u0103 \u00een cadrul reuniunii Grupului de baz\u0103 al Conferin\u021bei\u00a0 de securitate de la Munchen, care s-a desf\u0103\u0219urat timp de dou\u0103 zile la Minsk.<\/p>\n<p>\u00cen discursul s\u0103u,\u00a0 premierul Pavel Filip a spus c\u0103 \u00een pofida eforturilor depuse, inclusiv la nivel interna\u021bional, avansarea \u00een solu\u021bionarea conflictelor \u00eenghe\u021bate r\u0103m\u00e2ne dificil\u0103. Vorbind despre experien\u021ba Rep. Moldova \u00een reglementarea conflictului transnistrean, Pavel Filip a declarat c\u0103 solu\u021bia nu va putea fi impus\u0103 din exterior:<\/p>\n<p>\u201e<em>Exist\u0103 multiple paradigme \u0219i strategii de reglementare, dar cu regret prea pu\u021bine conflicte au ajuns la faza g\u0103sirii acelei solu\u021bii unice \u0219i viabile care poate fi acceptat\u0103 de toate p\u0103r\u021bile implicate. Revenind la conflictul transnistrean, solu\u021bia nu va putea fi adus\u0103 sau impus\u0103 din exterior \u2013 ea trebuie g\u0103sit\u0103 \u0219i asumat\u0103 doar de cei care tr\u0103iesc pe ambele maluri ale Nistrului<\/em>\u201d, a spus premierul.<\/p>\n<p>Totodat\u0103, Pavel Filip a ar\u0103tat c\u0103 implicarea partenerilor externi este de asemenea important\u0103, mai ales pentru a ajuta p\u0103r\u021bile s\u0103 ajung\u0103 la un compromis. \u0218eful executivului a aten\u021bionat c\u0103 este la fel de important ca partenerii externi s\u0103 promoveze o agend\u0103 comun\u0103 \u0219i nu interese contradictorii.<\/p>\n<p><em>Aceasta nu \u00eenseamn\u0103 c\u0103 partenerii externi nu pot avea un rol \u00een procesul de reglementare. Dimpotriv\u0103, dar condi\u021bia de baz\u0103 este ca partenerii externi s\u0103 promoveze o agend\u0103 comun\u0103, nu interese contradictorii. Atunci c\u00e2nd procesele de reglementare vor \u00eenceta s\u0103 serveasc\u0103 drept instrumente de manipulare \u0219i influen\u021b\u0103 geopolitic\u0103 cu destinele popoarelor, \u0219ansele solu\u021bion\u0103rii vor cre\u0219te substan\u021bial<\/em>\u201d, a men\u021bionat Pavel Filip.<\/p>\n<p>Premierul a reiterat c\u0103 Republica Moldova va continua s\u0103 fac\u0103 pa\u0219i decisivi \u00een direc\u021bia solu\u021biei finale \u00een diferendul nistrean, dar \u0219i s\u0103 insiste asupra retragerii trupelor ruse din st\u00e2nga Nistrului.<\/p>\n<p>Amintim c\u0103 \u00een cadrul vizitei de lucru de trei zile la Minsk, premierul Pavel Filip a avut \u00eentrevederi cu omologul s\u0103u Serghei Rumas, cu pre\u0219edintele Belarusului Alexandr Luka\u0219enko, dar \u0219i cu comisarul european pentru politica de vecin\u0103tate \u0219i negocieri de extindere Johannes Hahn.<\/p>\n<p>Sursa:\u00a0<a href=\"https:\/\/m.radiochisinau.md\/solutia-in-problema-transnistreana-nu-va-putea-fi-adusa-din-exterior-a-declarat-la-minsk-premierul-pavel-filip---77341.html?fbrefresh=1541141221&amp;fbclid=IwAR0pp0C8skYW6iCYpbNJw182zfleh-LdLAoCn64sYPCFeMQRe1nK6WRrgow\">https:\/\/m.radiochisinau.md\/<\/a><\/p>\n","protected":false},"excerpt":{"rendered":"<p>Importan\u021ba solu\u021bion\u0103rii conflictelor regionale \u0219i identific\u0103rii noilor abord\u0103ri \u00een materie de securitate, a fost discutat\u0103 \u00een cadrul reuniunii Grupului de baz\u0103 al Conferin\u021bei\u00a0 de securitate de la Munchen, care s-a desf\u0103\u0219urat timp de dou\u0103 zile la Minsk. \u00cen discursul s\u0103u,\u00a0 premierul Pavel Filip a spus c\u0103 \u00een pofida eforturilor depuse, inclusiv la nivel interna\u021bional, avansarea&#8230;<\/p>\n","protected":false},"author":2,"featured_media":0,"comment_status":"closed","ping_status":"open","sticky":false,"template":"","format":"standard","meta":[],"categories":[1],"tags":[],"_links":{"self":[{"href":"https:\/\/centers.ulbsibiu.ro\/ccsprise\/lact\/wp-json\/wp\/v2\/posts\/5561"}],"collection":[{"href":"https:\/\/centers.ulbsibiu.ro\/ccsprise\/lact\/wp-json\/wp\/v2\/posts"}],"about":[{"href":"https:\/\/centers.ulbsibiu.ro\/ccsprise\/lact\/wp-json\/wp\/v2\/types\/post"}],"author":[{"embeddable":true,"href":"https:\/\/centers.ulbsibiu.ro\/ccsprise\/lact\/wp-json\/wp\/v2\/users\/2"}],"replies":[{"embeddable":true,"href":"https:\/\/centers.ulbsibiu.ro\/ccsprise\/lact\/wp-json\/wp\/v2\/comments?post=5561"}],"version-history":[{"count":1,"href":"https:\/\/centers.ulbsibiu.ro\/ccsprise\/lact\/wp-json\/wp\/v2\/posts\/5561\/revisions"}],"predecessor-version":[{"id":5562,"href":"https:\/\/centers.ulbsibiu.ro\/ccsprise\/lact\/wp-json\/wp\/v2\/posts\/5561\/revisions\/5562"}],"wp:attachment":[{"href":"https:\/\/centers.ulbsibiu.ro\/ccsprise\/lact\/wp-json\/wp\/v2\/media?parent=5561"}],"wp:term":[{"taxonomy":"category","embeddable":true,"href":"https:\/\/centers.ulbsibiu.ro\/ccsprise\/lact\/wp-json\/wp\/v2\/categories?post=5561"},{"taxonomy":"post_tag","embeddable":true,"href":"https:\/\/centers.ulbsibiu.ro\/ccsprise\/lact\/wp-json\/wp\/v2\/tags?post=5561"}],"curies":[{"name":"wp","href":"https:\/\/api.w.org\/{rel}","templated":true}]}}