{"id":5553,"date":"2018-11-01T19:51:03","date_gmt":"2018-11-01T17:51:03","guid":{"rendered":"https:\/\/centers.ulbsibiu.ro\/ccsprise\/lact\/?p=5553"},"modified":"2018-11-01T19:58:30","modified_gmt":"2018-11-01T17:58:30","slug":"gov-md-comisia-unificata-de-control-s-a-intrunit-la-bender","status":"publish","type":"post","link":"https:\/\/centers.ulbsibiu.ro\/ccsprise\/lact\/gov-md-comisia-unificata-de-control-s-a-intrunit-la-bender\/","title":{"rendered":"Gov.md &#8211; Comisia Unificat\u0103 de Control s-a \u00eentrunit la Bender"},"content":{"rendered":"<p>Delega\u021bia Republicii Moldova a prezidat \u0219edin\u021ba Comisiei Unificate de Control care s-a desf\u0103\u0219urat la 1 noiembrie curent \u00een or. Bender.<\/p>\n<p>Sub aspect organizatoric, la propunerea componentei Chi\u0219in\u0103ului, Comisia a luat decizia de a-l desemna pe locotenent-colonel Alexandru Arapan \u00een func\u021bia de observator militar \u00een For\u021bele Mixte de Pacificare din partea Republicii Moldova.<\/p>\n<p>\u00cen cadrul audierii raportului s\u0103pt\u0103m\u00e2nal al Comandamentului Militar \u00centrunit privind situa\u021bia din Zona de Securitate \u00een perioada 24 \u2013 30 octombrie 2018, s-a constatat c\u0103 pe segmentul de responsabilitate a trupelor mixte de pacificare situa\u021bia este stabil\u0103, nefiind \u00eenregistrate incidente relevante \u00een acest sens.<\/p>\n<p>Urm\u0103toarea \u0219edin\u021b\u0103 a Comisiei Unificate de Control este preconizat\u0103 pentru 8 noiembrie 2018.<\/p>\n<p>&nbsp;<\/p>\n<p><strong>Delega\u021bia Republicii Moldova \u00een <\/strong><strong>Comisa Unificat\u0103 de Control<\/strong><\/p>\n<p>&nbsp;<\/p>\n<p>Sursa:\u00a0<a href=\"https:\/\/gov.md\/ro\/content\/comisia-unificata-de-control-s-intrunit-la-bender\">https:\/\/gov.md\/<\/a><\/p>\n","protected":false},"excerpt":{"rendered":"<p>Delega\u021bia Republicii Moldova a prezidat \u0219edin\u021ba Comisiei Unificate de Control care s-a desf\u0103\u0219urat la 1 noiembrie curent \u00een or. Bender. Sub aspect organizatoric, la propunerea componentei Chi\u0219in\u0103ului, Comisia a luat decizia de a-l desemna pe locotenent-colonel Alexandru Arapan \u00een func\u021bia de observator militar \u00een For\u021bele Mixte de Pacificare din partea Republicii Moldova. \u00cen cadrul audierii&#8230;<\/p>\n","protected":false},"author":2,"featured_media":0,"comment_status":"closed","ping_status":"open","sticky":false,"template":"","format":"standard","meta":[],"categories":[1],"tags":[],"_links":{"self":[{"href":"https:\/\/centers.ulbsibiu.ro\/ccsprise\/lact\/wp-json\/wp\/v2\/posts\/5553"}],"collection":[{"href":"https:\/\/centers.ulbsibiu.ro\/ccsprise\/lact\/wp-json\/wp\/v2\/posts"}],"about":[{"href":"https:\/\/centers.ulbsibiu.ro\/ccsprise\/lact\/wp-json\/wp\/v2\/types\/post"}],"author":[{"embeddable":true,"href":"https:\/\/centers.ulbsibiu.ro\/ccsprise\/lact\/wp-json\/wp\/v2\/users\/2"}],"replies":[{"embeddable":true,"href":"https:\/\/centers.ulbsibiu.ro\/ccsprise\/lact\/wp-json\/wp\/v2\/comments?post=5553"}],"version-history":[{"count":1,"href":"https:\/\/centers.ulbsibiu.ro\/ccsprise\/lact\/wp-json\/wp\/v2\/posts\/5553\/revisions"}],"predecessor-version":[{"id":5554,"href":"https:\/\/centers.ulbsibiu.ro\/ccsprise\/lact\/wp-json\/wp\/v2\/posts\/5553\/revisions\/5554"}],"wp:attachment":[{"href":"https:\/\/centers.ulbsibiu.ro\/ccsprise\/lact\/wp-json\/wp\/v2\/media?parent=5553"}],"wp:term":[{"taxonomy":"category","embeddable":true,"href":"https:\/\/centers.ulbsibiu.ro\/ccsprise\/lact\/wp-json\/wp\/v2\/categories?post=5553"},{"taxonomy":"post_tag","embeddable":true,"href":"https:\/\/centers.ulbsibiu.ro\/ccsprise\/lact\/wp-json\/wp\/v2\/tags?post=5553"}],"curies":[{"name":"wp","href":"https:\/\/api.w.org\/{rel}","templated":true}]}}