{"id":5533,"date":"2018-10-25T17:43:26","date_gmt":"2018-10-25T15:43:26","guid":{"rendered":"https:\/\/centers.ulbsibiu.ro\/ccsprise\/lact\/?p=5533"},"modified":"2018-10-25T17:43:26","modified_gmt":"2018-10-25T15:43:26","slug":"gov-md-militarii-rusi-nu-respecta-procedurile-stabilite-in-zona-de-securitate","status":"publish","type":"post","link":"https:\/\/centers.ulbsibiu.ro\/ccsprise\/lact\/gov-md-militarii-rusi-nu-respecta-procedurile-stabilite-in-zona-de-securitate\/","title":{"rendered":"Gov.md &#8211; Militarii ru\u0219i nu respect\u0103 procedurile stabilite \u00een Zona de Securitate"},"content":{"rendered":"<p>Membrii Comisiei Unificate de Control (CUC) s-au \u00eentrunit \u00een \u0219edin\u021b\u0103 pe 25 octombrie a.c. \u00een or. Bender.<\/p>\n<p>La propunerea delega\u021biei Republicii Moldova, locotenent-colonel Alexandru Dragomir a fost eliberat din func\u021bia de observator militar, \u00een leg\u0103tur\u0103 cu finalizarea deplas\u0103rii de serviciu \u00een For\u021bele Mixte de Pacificare \u00een Zona de Securitate.<\/p>\n<p>Ulterior, a fost prezentat raportul Comandamentului Militar \u00centrunit privind situa\u021bia \u00een Zona de Securitate \u00een perioada 17-23 octombrie 2018.<\/p>\n<p>\u00cen cadrul dezbaterilor, Delega\u021bia Republicii Moldova a semnalat un nou caz de nerespectare de c\u0103tre contingentul For\u021belor de Men\u021binere a P\u0103cii ale Federa\u021biei Ruse a procedurilor stabilite privind rota\u021bia anual\u0103, care la 23 octombrie curent, f\u0103r\u0103 \u00een\u0219tiin\u021bare, coordonare \u0219i decizia Comandamentului Militar \u00centrunit \u0219i a Comisiei Unificate de Control, au efectuat \u00een Zona de Securitate un mar\u0219 cu tehnic\u0103 militar\u0103 \u0219i efectivul din subordine.<\/p>\n<p>Incidentul men\u021bionat reprezent\u00e2nd un argument \u00een plus despre neeficien\u021ba mecanismului existent de interac\u021biune \u00een cadrul Comandamentului Militar \u00centrunit, Delega\u021bia Chi\u0219in\u0103ului \u0219i-a reiterat propunerea de a elabora \u0219i a aproba un nou regulament de func\u021bionare \u0219i coordonare care s\u0103 asigure reac\u021bionarea operativ\u0103 a observatorilor \u0219i comandamentelor militare din cadrul Misiunii de Pacificare \u00een cazul ac\u021biunilor nelegitime desf\u0103\u0219urate \u00een Zona de Securitate de c\u0103tre pretinsele structuri de for\u021b\u0103 \u0219i forma\u021biunile paramilitare.<\/p>\n<p>Urm\u0103toarea \u0219edin\u021b\u0103 \u00a0a Comisiei va fi organizat\u0103 pe data de 1 noiembrie 2018.<\/p>\n<p>&nbsp;<\/p>\n<p><strong>Delega\u021bia Republicii Moldova <\/strong><strong>\u00een Comisia Unificat\u0103 de Control<\/strong><\/p>\n<p>Sursa:\u00a0<a href=\"https:\/\/gov.md\/ro\/content\/militarii-rusi-nu-respecta-procedurile-stabilite-zona-de-securitate\">https:\/\/gov.md\/<\/a><\/p>\n","protected":false},"excerpt":{"rendered":"<p>Membrii Comisiei Unificate de Control (CUC) s-au \u00eentrunit \u00een \u0219edin\u021b\u0103 pe 25 octombrie a.c. \u00een or. Bender. La propunerea delega\u021biei Republicii Moldova, locotenent-colonel Alexandru Dragomir a fost eliberat din func\u021bia de observator militar, \u00een leg\u0103tur\u0103 cu finalizarea deplas\u0103rii de serviciu \u00een For\u021bele Mixte de Pacificare \u00een Zona de Securitate. Ulterior, a fost prezentat raportul Comandamentului&#8230;<\/p>\n","protected":false},"author":2,"featured_media":0,"comment_status":"closed","ping_status":"open","sticky":false,"template":"","format":"standard","meta":[],"categories":[1],"tags":[],"_links":{"self":[{"href":"https:\/\/centers.ulbsibiu.ro\/ccsprise\/lact\/wp-json\/wp\/v2\/posts\/5533"}],"collection":[{"href":"https:\/\/centers.ulbsibiu.ro\/ccsprise\/lact\/wp-json\/wp\/v2\/posts"}],"about":[{"href":"https:\/\/centers.ulbsibiu.ro\/ccsprise\/lact\/wp-json\/wp\/v2\/types\/post"}],"author":[{"embeddable":true,"href":"https:\/\/centers.ulbsibiu.ro\/ccsprise\/lact\/wp-json\/wp\/v2\/users\/2"}],"replies":[{"embeddable":true,"href":"https:\/\/centers.ulbsibiu.ro\/ccsprise\/lact\/wp-json\/wp\/v2\/comments?post=5533"}],"version-history":[{"count":1,"href":"https:\/\/centers.ulbsibiu.ro\/ccsprise\/lact\/wp-json\/wp\/v2\/posts\/5533\/revisions"}],"predecessor-version":[{"id":5534,"href":"https:\/\/centers.ulbsibiu.ro\/ccsprise\/lact\/wp-json\/wp\/v2\/posts\/5533\/revisions\/5534"}],"wp:attachment":[{"href":"https:\/\/centers.ulbsibiu.ro\/ccsprise\/lact\/wp-json\/wp\/v2\/media?parent=5533"}],"wp:term":[{"taxonomy":"category","embeddable":true,"href":"https:\/\/centers.ulbsibiu.ro\/ccsprise\/lact\/wp-json\/wp\/v2\/categories?post=5533"},{"taxonomy":"post_tag","embeddable":true,"href":"https:\/\/centers.ulbsibiu.ro\/ccsprise\/lact\/wp-json\/wp\/v2\/tags?post=5533"}],"curies":[{"name":"wp","href":"https:\/\/api.w.org\/{rel}","templated":true}]}}