{"id":5531,"date":"2018-10-25T16:59:43","date_gmt":"2018-10-25T14:59:43","guid":{"rendered":"https:\/\/centers.ulbsibiu.ro\/ccsprise\/lact\/?p=5531"},"modified":"2018-10-25T16:59:43","modified_gmt":"2018-10-25T14:59:43","slug":"infotag-md-liderul-de-la-tiraspol-a-remarcat-interesul-reciproc-al-rmn-si-rm-in-solutionarea-problemelor-actuale","status":"publish","type":"post","link":"https:\/\/centers.ulbsibiu.ro\/ccsprise\/lact\/infotag-md-liderul-de-la-tiraspol-a-remarcat-interesul-reciproc-al-rmn-si-rm-in-solutionarea-problemelor-actuale\/","title":{"rendered":"Infotag.md &#8211; LIDERUL DE LA TIRASPOL A REMARCAT INTERESUL RECIPROC AL RMN \u015eI RM \u00ceN SOLU\u0162IONAREA PROBLEMELOR ACTUALE"},"content":{"rendered":"<p>Transnistria \u0219i Moldova \u00eentreprind m\u0103suri ca s\u0103 ajung\u0103 la un consens \u0219i s\u0103 confirme existen\u021ba unui interes reciproc \u00een rezolvarea problemelor actuale. Aceast\u0103 opinie a fost exprimat\u0103 \u00een ajun de pre\u0219edintele autoproclamatei RMN, Vadim Krasnoselski, la \u00eentrevederea de la Tiraspol cu noul \u0219ef al Misiunii OSCE \u00een Republica Moldova, Claus Neukirch.<\/p>\n<p>Potrivit agen\u0163iei INFOTAG cu referire la site-ul liderului de la Tiraspol, el a men\u021bionat c\u0103 \u201east\u0103zi trebuie s\u0103 continu\u0103m discutarea problemelor actuale de pe agenda de negocieri \u0219i s\u0103 colabor\u0103m pentru a elabora un mecanism optim de implementare a acordurilor care au fost atinse \u0219i a celor de perspectiv\u0103\u201d.<\/p>\n<p>\u201eSemnarea acordurilor este un fapt secundar. Important\u0103 este implementarea lor. Orice decizie cap\u0103t\u0103 un sens practic numai dup\u0103 ce devine norm\u0103\u201d, a declarat Krasnoselski, exprim\u00e2ndu-\u0219i recuno\u0219tin\u021ba fa\u021b\u0103 de to\u021bi participan\u021bii la procesul de negocieri \u00een formatul \u201e5+2\u201d pentru ajutor \u015fi pentru c\u0103 nu sunt indiferen\u021bi, preciz\u00e2nd c\u0103, pentru Transnistria, \u201eopinia mediatorilor interna\u021bionali este important\u0103\u201d.<\/p>\n<p>Claus Neukirch a remarcat \u201eprogresul ob\u021binut de c\u0103tre negociatori \u00een atingerea unor rezultate concrete\u201d, men\u021bion\u00e2nd \u201einteresul clar vizibil pentru ob\u021binerea unui rezultat practic \u0219i implicarea personal\u0103 a conducerii transnistrene \u00een procesul de negocieri\u201d.<\/p>\n<p>Potrivit lui, \u201ea sosit momentul s\u0103 analiz\u0103m con\u021binutul actualei agende de negocieri pentru a da o evaluare real\u0103 oportunit\u0103\u0163ii de a organiza urm\u0103toarea reuniune \u00een formatul \u201e5+2\u201d.<\/p>\n<p>Participan\u021bii la \u00eentrevedere \u201eau discutat aspecte concrete legate de procesul de negociere \u0219i interac\u021biunea dintre Transnistria \u0219i OSCE \u0219i au convenit s\u0103 continue activitatea comun\u0103\u201d.<\/p>\n<p>Sursa:\u00a0<a href=\"http:\/\/www.infotag.md\/rebelion-ro\/268422\/\">http:\/\/www.infotag.md\/<\/a><\/p>\n","protected":false},"excerpt":{"rendered":"<p>Transnistria \u0219i Moldova \u00eentreprind m\u0103suri ca s\u0103 ajung\u0103 la un consens \u0219i s\u0103 confirme existen\u021ba unui interes reciproc \u00een rezolvarea problemelor actuale. Aceast\u0103 opinie a fost exprimat\u0103 \u00een ajun de pre\u0219edintele autoproclamatei RMN, Vadim Krasnoselski, la \u00eentrevederea de la Tiraspol cu noul \u0219ef al Misiunii OSCE \u00een Republica Moldova, Claus Neukirch. Potrivit agen\u0163iei INFOTAG cu&#8230;<\/p>\n","protected":false},"author":2,"featured_media":0,"comment_status":"closed","ping_status":"open","sticky":false,"template":"","format":"standard","meta":[],"categories":[1],"tags":[],"_links":{"self":[{"href":"https:\/\/centers.ulbsibiu.ro\/ccsprise\/lact\/wp-json\/wp\/v2\/posts\/5531"}],"collection":[{"href":"https:\/\/centers.ulbsibiu.ro\/ccsprise\/lact\/wp-json\/wp\/v2\/posts"}],"about":[{"href":"https:\/\/centers.ulbsibiu.ro\/ccsprise\/lact\/wp-json\/wp\/v2\/types\/post"}],"author":[{"embeddable":true,"href":"https:\/\/centers.ulbsibiu.ro\/ccsprise\/lact\/wp-json\/wp\/v2\/users\/2"}],"replies":[{"embeddable":true,"href":"https:\/\/centers.ulbsibiu.ro\/ccsprise\/lact\/wp-json\/wp\/v2\/comments?post=5531"}],"version-history":[{"count":1,"href":"https:\/\/centers.ulbsibiu.ro\/ccsprise\/lact\/wp-json\/wp\/v2\/posts\/5531\/revisions"}],"predecessor-version":[{"id":5532,"href":"https:\/\/centers.ulbsibiu.ro\/ccsprise\/lact\/wp-json\/wp\/v2\/posts\/5531\/revisions\/5532"}],"wp:attachment":[{"href":"https:\/\/centers.ulbsibiu.ro\/ccsprise\/lact\/wp-json\/wp\/v2\/media?parent=5531"}],"wp:term":[{"taxonomy":"category","embeddable":true,"href":"https:\/\/centers.ulbsibiu.ro\/ccsprise\/lact\/wp-json\/wp\/v2\/categories?post=5531"},{"taxonomy":"post_tag","embeddable":true,"href":"https:\/\/centers.ulbsibiu.ro\/ccsprise\/lact\/wp-json\/wp\/v2\/tags?post=5531"}],"curies":[{"name":"wp","href":"https:\/\/api.w.org\/{rel}","templated":true}]}}