{"id":5525,"date":"2018-10-25T09:12:16","date_gmt":"2018-10-25T07:12:16","guid":{"rendered":"https:\/\/centers.ulbsibiu.ro\/ccsprise\/lact\/?p=5525"},"modified":"2018-10-25T09:12:16","modified_gmt":"2018-10-25T07:12:16","slug":"noi-md-candu-i-a-reamintit-ambasadorului-rus-despre-retragerea-trupelor-ruse-din-transnistria","status":"publish","type":"post","link":"https:\/\/centers.ulbsibiu.ro\/ccsprise\/lact\/noi-md-candu-i-a-reamintit-ambasadorului-rus-despre-retragerea-trupelor-ruse-din-transnistria\/","title":{"rendered":"Noi.md &#8211; Candu i-a reamintit ambasadorului rus, despre retragerea trupelor ruse din Transnistria"},"content":{"rendered":"<p>\u00cen cadrul discu\u021biilor, Andrian Candu a declarat c\u0103 Republica Moldova este interesat\u0103 de dezvoltarea dialogului moldo-rus \u0219i a rela\u021biilor comerciale \u0219i economice cu Federa\u021bia Rus\u0103, bazate pe \u00eencredere \u0219i respect reciproc.<\/p>\n<p>Totodat\u0103, Andrian Candu a reiterat pozi\u021bia Republicii Moldova de solu\u021bionare pa\u0219nic\u0103 a conflictului transnistrean \u00een cadrul formatului de negocieri 5+2, pe baza respect\u0103rii principiilor suveranit\u0103\u021bii \u0219i integrit\u0103\u021bii teritoriale ale Republicii Moldova.Pre\u0219edintele Parlamentului a amintit despre angajamentele interna\u021bionale privind retragerea trupelor ruse din regiunea transnistrean\u0103, scrie serviciul de pres\u0103 al parlamentului.<\/p>\n<p>\u00cen acela\u0219i timp, sursa citat\u0103 nu citeaz\u0103 nimic din declara\u021biile f\u0103cute de ambasador.<\/p>\n<p>Pe site-ul ambasadei Federa\u021biei Ruse, la fel, este un comunicat de pres\u0103.<\/p>\n<p>&#8220;\u00cen cadrul unui schimb de opinii, \u00eentr-o atmosfer\u0103 prietenoas\u0103, au fost discutate aspecte de actualitate \u0219i perspective ale rela\u021biilor ruso-moldovene\u0219ti, inclusiv subiectul colabor\u0103rii interparlamentare.<\/p>\n<p>Interlocutorii au convenit s\u0103 men\u021bin\u0103 un contact de lucru&#8221; scrie \u00een comunicatul ambasadei FR din Moldova.<\/p>\n<p>Noul Ambasador al Federa\u021biei Ruse \u00een Republica Moldova, Oleg Vasne\u021bov, a fost numit \u00een func\u021bie de c\u0103tre Pre\u0219edintele Federa\u021biei Ruse pe data de 2 iulie 2018.<\/p>\n<p>Cite\u0219te mai mult: <a href=\"https:\/\/noi.md\/md\/transnistria\/candu-i-a-reamintit-ambasadorului-rus-despre-retragerea-trupelor-ruse-din-transnistria?fbclid=IwAR08wmBuWhmNDr5VPDDniGCxw34VsLz1MvrM_6HCN33IvSo9NEcIohrjMeU\">https:\/\/noi.md\/md\/transnistria\/candu-i-a-reamintit-ambasadorului-rus-despre-retragerea-trupelor-ruse-din-transnistria?fbclid=IwAR08wmBuWhmNDr5VPDDniGCxw34VsLz1MvrM_6HCN33IvSo9NEcIohrjMeU<\/a><br \/>\nFacebook: <a href=\"https:\/\/www.facebook.com\/NOI.md\/\">NOI.md<\/a> | Odnoklassniki: <a href=\"https:\/\/www.ok.ru\/noi.moldova\">Noi.Moldova<\/a><\/p>\n","protected":false},"excerpt":{"rendered":"<p>\u00cen cadrul discu\u021biilor, Andrian Candu a declarat c\u0103 Republica Moldova este interesat\u0103 de dezvoltarea dialogului moldo-rus \u0219i a rela\u021biilor comerciale \u0219i economice cu Federa\u021bia Rus\u0103, bazate pe \u00eencredere \u0219i respect reciproc. Totodat\u0103, Andrian Candu a reiterat pozi\u021bia Republicii Moldova de solu\u021bionare pa\u0219nic\u0103 a conflictului transnistrean \u00een cadrul formatului de negocieri 5+2, pe baza respect\u0103rii principiilor&#8230;<\/p>\n","protected":false},"author":2,"featured_media":0,"comment_status":"closed","ping_status":"open","sticky":false,"template":"","format":"standard","meta":[],"categories":[1],"tags":[],"_links":{"self":[{"href":"https:\/\/centers.ulbsibiu.ro\/ccsprise\/lact\/wp-json\/wp\/v2\/posts\/5525"}],"collection":[{"href":"https:\/\/centers.ulbsibiu.ro\/ccsprise\/lact\/wp-json\/wp\/v2\/posts"}],"about":[{"href":"https:\/\/centers.ulbsibiu.ro\/ccsprise\/lact\/wp-json\/wp\/v2\/types\/post"}],"author":[{"embeddable":true,"href":"https:\/\/centers.ulbsibiu.ro\/ccsprise\/lact\/wp-json\/wp\/v2\/users\/2"}],"replies":[{"embeddable":true,"href":"https:\/\/centers.ulbsibiu.ro\/ccsprise\/lact\/wp-json\/wp\/v2\/comments?post=5525"}],"version-history":[{"count":1,"href":"https:\/\/centers.ulbsibiu.ro\/ccsprise\/lact\/wp-json\/wp\/v2\/posts\/5525\/revisions"}],"predecessor-version":[{"id":5526,"href":"https:\/\/centers.ulbsibiu.ro\/ccsprise\/lact\/wp-json\/wp\/v2\/posts\/5525\/revisions\/5526"}],"wp:attachment":[{"href":"https:\/\/centers.ulbsibiu.ro\/ccsprise\/lact\/wp-json\/wp\/v2\/media?parent=5525"}],"wp:term":[{"taxonomy":"category","embeddable":true,"href":"https:\/\/centers.ulbsibiu.ro\/ccsprise\/lact\/wp-json\/wp\/v2\/categories?post=5525"},{"taxonomy":"post_tag","embeddable":true,"href":"https:\/\/centers.ulbsibiu.ro\/ccsprise\/lact\/wp-json\/wp\/v2\/tags?post=5525"}],"curies":[{"name":"wp","href":"https:\/\/api.w.org\/{rel}","templated":true}]}}