{"id":5521,"date":"2018-10-24T16:20:09","date_gmt":"2018-10-24T14:20:09","guid":{"rendered":"https:\/\/centers.ulbsibiu.ro\/ccsprise\/lact\/?p=5521"},"modified":"2018-10-24T16:20:09","modified_gmt":"2018-10-24T14:20:09","slug":"deschide-md-gaburici-si-noul-sef-al-misiunii-osce-in-rm-claus-neukirch-despre-reglementarea-transnistreana","status":"publish","type":"post","link":"https:\/\/centers.ulbsibiu.ro\/ccsprise\/lact\/deschide-md-gaburici-si-noul-sef-al-misiunii-osce-in-rm-claus-neukirch-despre-reglementarea-transnistreana\/","title":{"rendered":"Deschide.md &#8211; Gaburici \u0219i noul \u015fef al Misiunii OSCE \u00een RM, Claus Neukirch, despre reglementarea transnistrean\u0103"},"content":{"rendered":"<p><span style=\"display: inline !important; float: none; background-color: transparent; color: #888888; font-family: 'Arimo',sans-serif; font-size: 13px; font-style: normal; font-variant: normal; font-weight: 400; letter-spacing: normal; orphans: 2; text-align: left; text-decoration: none; text-indent: 0px; text-transform: none; -webkit-text-stroke-width: 0px; white-space: normal; word-spacing: 0px;\">Author: Pavel Maftei<\/span><\/p>\n<p>Ministrul Economiei \u0219i Infrastructurii, Chiril Gaburici, a avut ast\u0103zi o \u00eentrevedere cu noul \u015fef al Misiunii OSCE \u00een Moldova, Claus Neukirch, privind asisten\u021ba OSCE, pentru continuarea dialogului \u00een procesul de reglementare durabil\u0103 \u015fi cuprinz\u0103toare a conflictului transnistrean.<\/p>\n<p>Chiril Gaburici l-a felicitat pe Claus Neukirch, cu revenirea \u00een Moldova \u00een calitate de mediator OSCE \u00een procesul de reglementare transnistrean\u0103, \u00een special pentru cunoa\u0219terea \u00een profunzime a procesului de negocieri \u00een formatul 5+2, av\u00e2nd o experien\u021b\u0103 profesional\u0103 vast\u0103 \u00een domeniu.<\/p>\n<p>\u201eSunt convins c\u0103 revenirea la Misiunea OSCE Moldova \u0219i, av\u00e2nd o experien\u021b\u0103 profesional\u0103 de 20 ani de activitate \u00een regiunea OSCE, vom g\u0103si \u00eempreun\u0103 cele mai bune solu\u021bii pentru purtarea dialogului \u00een formatul 5+2 privind procesul de reglementare transnistrean\u0103. Miz\u0103m \u00een continuare pe sprijinul \u0219i asisten\u021ba acordat\u0103 de OSCE pentru un dialog constructiv privind ap\u0103rarea intereselor cet\u0103\u021benilor de pe ambele maluri ale Nistrului\u201d, a notat Chiril Gaburici.<\/p>\n<p>La r\u00e2ndul s\u0103u, noul \u0219ef al misiunii OSCE a men\u021bionat c\u0103 sus\u021bine Moldova \u00een procesul de reglementare transnistrean\u0103 \u0219i va acorda tot suportul necesar pentru o dinamic\u0103 pozitiv\u0103 a dialogului \u00eentre cele dou\u0103 maluri ale Nistrului, inclusiv pe domeniile de activitate ale Ministerului Economiei \u0219i Infrastructurii.<\/p>\n<p>Oficiali au discutat situa\u021bia actual\u0103 privind negocierile pe marginea conflictul transnistrean \u0219i dinamica dialogului dintre Chi\u0219in\u0103u \u0219i Tiraspol din ultima perioad\u0103. Printre rezultatele ob\u021binute dintre p\u0103r\u021bi a fost men\u021bionat deschiderea la sf\u00e2r\u0219itul anului 2017 a podului care une\u0219te localit\u0103\u021bile Gura B\u00eecului \u0219i B\u00eecioc, situate pe cele dou\u0103 maluri ale Nistrului, precum \u0219i m\u0103surile \u00eentreprinse premerg\u0103toare privind restabilirea leg\u0103turii telefonice dintre cele dou\u0103 maluri ale Nistrului.<\/p>\n<p>Textul complet:\u00a0<a href=\"https:\/\/deschide.md\/ro\/stiri\/politic\/38468\/Gaburici-\u0219i-noul-\u015fef-al-Misiunii-OSCE-\u00een-RM-Claus-Neukirch-despre-reglementarea-transnistrean\u0103.htm\">https:\/\/deschide.md\/<\/a><\/p>\n","protected":false},"excerpt":{"rendered":"<p>Author: Pavel Maftei Ministrul Economiei \u0219i Infrastructurii, Chiril Gaburici, a avut ast\u0103zi o \u00eentrevedere cu noul \u015fef al Misiunii OSCE \u00een Moldova, Claus Neukirch, privind asisten\u021ba OSCE, pentru continuarea dialogului \u00een procesul de reglementare durabil\u0103 \u015fi cuprinz\u0103toare a conflictului transnistrean. Chiril Gaburici l-a felicitat pe Claus Neukirch, cu revenirea \u00een Moldova \u00een calitate de mediator&#8230;<\/p>\n","protected":false},"author":2,"featured_media":0,"comment_status":"closed","ping_status":"open","sticky":false,"template":"","format":"standard","meta":[],"categories":[1],"tags":[],"_links":{"self":[{"href":"https:\/\/centers.ulbsibiu.ro\/ccsprise\/lact\/wp-json\/wp\/v2\/posts\/5521"}],"collection":[{"href":"https:\/\/centers.ulbsibiu.ro\/ccsprise\/lact\/wp-json\/wp\/v2\/posts"}],"about":[{"href":"https:\/\/centers.ulbsibiu.ro\/ccsprise\/lact\/wp-json\/wp\/v2\/types\/post"}],"author":[{"embeddable":true,"href":"https:\/\/centers.ulbsibiu.ro\/ccsprise\/lact\/wp-json\/wp\/v2\/users\/2"}],"replies":[{"embeddable":true,"href":"https:\/\/centers.ulbsibiu.ro\/ccsprise\/lact\/wp-json\/wp\/v2\/comments?post=5521"}],"version-history":[{"count":1,"href":"https:\/\/centers.ulbsibiu.ro\/ccsprise\/lact\/wp-json\/wp\/v2\/posts\/5521\/revisions"}],"predecessor-version":[{"id":5522,"href":"https:\/\/centers.ulbsibiu.ro\/ccsprise\/lact\/wp-json\/wp\/v2\/posts\/5521\/revisions\/5522"}],"wp:attachment":[{"href":"https:\/\/centers.ulbsibiu.ro\/ccsprise\/lact\/wp-json\/wp\/v2\/media?parent=5521"}],"wp:term":[{"taxonomy":"category","embeddable":true,"href":"https:\/\/centers.ulbsibiu.ro\/ccsprise\/lact\/wp-json\/wp\/v2\/categories?post=5521"},{"taxonomy":"post_tag","embeddable":true,"href":"https:\/\/centers.ulbsibiu.ro\/ccsprise\/lact\/wp-json\/wp\/v2\/tags?post=5521"}],"curies":[{"name":"wp","href":"https:\/\/api.w.org\/{rel}","templated":true}]}}