{"id":5519,"date":"2018-10-24T16:17:11","date_gmt":"2018-10-24T14:17:11","guid":{"rendered":"https:\/\/centers.ulbsibiu.ro\/ccsprise\/lact\/?p=5519"},"modified":"2018-10-24T16:17:11","modified_gmt":"2018-10-24T14:17:11","slug":"infotag-md-transnistria-este-nemultumita-de-noua-restrictie-de-libera-circulatie-la-aeroportul-chisinau","status":"publish","type":"post","link":"https:\/\/centers.ulbsibiu.ro\/ccsprise\/lact\/infotag-md-transnistria-este-nemultumita-de-noua-restrictie-de-libera-circulatie-la-aeroportul-chisinau\/","title":{"rendered":"Infotag.md &#8211; TRANSNISTRIA ESTE NEMUL\u0162UMIT\u0102 DE \u201eNOUA RESTRIC\u0162IE DE LIBER\u0102 CIRCULA\u0162IE LA AEROPORTUL CHI\u015eIN\u0102U\u201d"},"content":{"rendered":"<p>Autorit\u0103\u0163ile autoproclamatei RMN consider\u0103 \u201einadmisibile\u201d ac\u0163iunile p\u0103r\u0163ii moldovene\u015fti privind \u201erestric\u0163ionarea liberii circula\u0163ii la aeroportul Chi\u015fin\u0103u\u201d. Potrivit agen\u0163iei INFOTAG, despre aceasta se men\u0163ioneaz\u0103 \u00eentr-o declara\u0163ie a MAE al Transnistriei, publicat\u0103 pe site-ul institu\u0163iei.<\/p>\n<p>MAE al regiunii a reac\u0163ionat astfel la faptul c\u0103 Poli\u0163ia de Frontier\u0103 a RM a interzis pe 23 octombrie intrarea \u00een republic\u0103 pentru \u201e\u015feful Administra\u0163iei raionului Gudautsk din Abhazia, Ruslan Ladaria, care se afla \u00een tranzit \u015fi se \u00eendrepta spre Transnistria la serbarea Zilei ora\u015fului Dub\u0103sari\u201d. Potrivit informa\u0163iilor MAE de la Tiraspol, i-a fost refuzat\u0103 intrarea \u00een republic\u0103 \u015fi \u201e\u015fefului Reprezentan\u0163ei oficiale a RMN \u00een Republica Abhazia, Garri Kupalba\u201d.<\/p>\n<p>\u201eTentativele Republicii Moldova de a limita contactele interna\u021bionale ale Transnistriei indic\u0103 men\u021binerea abord\u0103rilor distructive ale p\u0103r\u021bii moldovene\u0219ti\u201d, consider\u0103 ministerul, care calific\u0103 \u201eacest pas drept un alt atac provocator, care submineaz\u0103 bazele cooper\u0103rii bilaterale \u0219i discrediteaz\u0103 eforturile participan\u021bilor interna\u021bionali ai formatului \u201e5+2\u201d \u00een vederea nivel\u0103rii oric\u0103ror forme de restric\u021bii\u201d.<\/p>\n<p>MAE a avertizat c\u0103 \u201eaceste ac\u021biuni inacceptabile din partea Moldovei vor deveni una dintre temele centrale la toate nivelurile dialogului, inclusiv la negocierile \u00een formatul \u201e5+2\u201d.<\/p>\n<p>Sursa:\u00a0<a href=\"http:\/\/www.infotag.md\/rebelion-ro\/268353\/\">http:\/\/www.infotag.md\/<\/a><\/p>\n","protected":false},"excerpt":{"rendered":"<p>Autorit\u0103\u0163ile autoproclamatei RMN consider\u0103 \u201einadmisibile\u201d ac\u0163iunile p\u0103r\u0163ii moldovene\u015fti privind \u201erestric\u0163ionarea liberii circula\u0163ii la aeroportul Chi\u015fin\u0103u\u201d. Potrivit agen\u0163iei INFOTAG, despre aceasta se men\u0163ioneaz\u0103 \u00eentr-o declara\u0163ie a MAE al Transnistriei, publicat\u0103 pe site-ul institu\u0163iei. MAE al regiunii a reac\u0163ionat astfel la faptul c\u0103 Poli\u0163ia de Frontier\u0103 a RM a interzis pe 23 octombrie intrarea \u00een republic\u0103 pentru&#8230;<\/p>\n","protected":false},"author":2,"featured_media":0,"comment_status":"closed","ping_status":"open","sticky":false,"template":"","format":"standard","meta":[],"categories":[1],"tags":[],"_links":{"self":[{"href":"https:\/\/centers.ulbsibiu.ro\/ccsprise\/lact\/wp-json\/wp\/v2\/posts\/5519"}],"collection":[{"href":"https:\/\/centers.ulbsibiu.ro\/ccsprise\/lact\/wp-json\/wp\/v2\/posts"}],"about":[{"href":"https:\/\/centers.ulbsibiu.ro\/ccsprise\/lact\/wp-json\/wp\/v2\/types\/post"}],"author":[{"embeddable":true,"href":"https:\/\/centers.ulbsibiu.ro\/ccsprise\/lact\/wp-json\/wp\/v2\/users\/2"}],"replies":[{"embeddable":true,"href":"https:\/\/centers.ulbsibiu.ro\/ccsprise\/lact\/wp-json\/wp\/v2\/comments?post=5519"}],"version-history":[{"count":1,"href":"https:\/\/centers.ulbsibiu.ro\/ccsprise\/lact\/wp-json\/wp\/v2\/posts\/5519\/revisions"}],"predecessor-version":[{"id":5520,"href":"https:\/\/centers.ulbsibiu.ro\/ccsprise\/lact\/wp-json\/wp\/v2\/posts\/5519\/revisions\/5520"}],"wp:attachment":[{"href":"https:\/\/centers.ulbsibiu.ro\/ccsprise\/lact\/wp-json\/wp\/v2\/media?parent=5519"}],"wp:term":[{"taxonomy":"category","embeddable":true,"href":"https:\/\/centers.ulbsibiu.ro\/ccsprise\/lact\/wp-json\/wp\/v2\/categories?post=5519"},{"taxonomy":"post_tag","embeddable":true,"href":"https:\/\/centers.ulbsibiu.ro\/ccsprise\/lact\/wp-json\/wp\/v2\/tags?post=5519"}],"curies":[{"name":"wp","href":"https:\/\/api.w.org\/{rel}","templated":true}]}}