{"id":5517,"date":"2018-10-24T16:11:49","date_gmt":"2018-10-24T14:11:49","guid":{"rendered":"https:\/\/centers.ulbsibiu.ro\/ccsprise\/lact\/?p=5517"},"modified":"2018-10-24T16:11:49","modified_gmt":"2018-10-24T14:11:49","slug":"publika-md-584-de-vehicule-din-regiunea-transnistreana-au-fost-inmatriculate-de-la-deschiderea-ghiseelor-asp-din-tiraspol-si-rabnita","status":"publish","type":"post","link":"https:\/\/centers.ulbsibiu.ro\/ccsprise\/lact\/publika-md-584-de-vehicule-din-regiunea-transnistreana-au-fost-inmatriculate-de-la-deschiderea-ghiseelor-asp-din-tiraspol-si-rabnita\/","title":{"rendered":"Publika.md &#8211; 584 de vehicule din regiunea transnistrean\u0103 au fost \u00eenmatriculate de la deschiderea ghi\u015feelor ASP din Tiraspol \u015fi R\u00e2bni\u0163a"},"content":{"rendered":"<p><strong>Aproape 600 de autovehicule din regiunea transnistrean\u0103 au fost \u00eenmatriculate la ghi\u015feele Agen\u0163iei Servicii Publice, deschise \u00een septembrie, la Tiraspol \u015fi R\u00e2bni\u0163a. Datele au fost prezentate \u00een cadrul audierilor la comisia securitate a Parlamentului.<\/strong><\/p>\n<p>&#8220;\u00cen regiunea transnistrean\u0103 au fost organizate proceduri de \u00eenmatriculare a 584 de autovehicule \u015fi cinci motociclete. Este aplicat mecanism de programarea online. Avem programate peste 4.000 de persoane, doritori poten\u0163iali&#8221;, a spus\u00a0Oleg Rotaru, reprezentat al Agen\u0163iei Servicii Publice.<\/p>\n<p>Pl\u0103cu\u021bele au \u00eenceput s\u0103 fie eliberate din 10 septembrie. Numerele con\u021bin trei litere \u0219i trei cifre. Odat\u0103 cu ob\u021binerea acestora, proprietarii ma\u0219inilor primesc \u0219i un pa\u0219aport tehnic, iar pe vehicul este aplicat stickerul cu simbolul &#8220;MD&#8221;.<\/p>\n<p>\u00cen cadrul audierilor, vicepremierul pentru Reintegrare, Cristina Lesnic, s-a referit la incidentul de la \u00eenceputul lunii septembrie. Atunci,<strong> mai mul\u0163i angaja\u0163i ai celor dou\u0103 birouri de \u00eenmatriculare a ma\u015finilor au fost perchezi\u0163iona\u0163i ilegal de a\u015fa-numita &#8220;mili\u0163ie&#8221; transnistrean\u0103.<\/strong><\/p>\n<p>&#8220;Noi am prevenit Tiraspolul c\u0103 \u00een cazul \u00een care aceste incidente se vor repeta sau se vor replica \u00een timp, noi vom fi \u00een drept s\u0103 suspend\u0103m acest mecanism&#8221;, a spus Cristina Lesnic,\u00a0vicepremierul pentru Reintegrare.<\/p>\n<p>\u00cen cadrul aceleia\u015fi \u015fedin\u0163e au fost discutate \u015fi alte decizii protocolare, semnate anul trecut la Tiraspol.<\/p>\n<p><strong>Un subiect a fost libera circula\u0163ie a elevilor din cele opt \u015fcoli cu predare \u00een limba rom\u00e2n\u0103 din regiunea transnistrean\u0103.<\/strong> Chi\u015fin\u0103ul insist\u0103 ca ace\u015fti copii s\u0103 poat\u0103 intra prin a\u0219a-numitele posturi de control \u00een baza carnetelor de elevi.<\/p>\n<p>&#8220;Vorbim despre copii, elevi care poten\u0163ial nu pot prezenta niciun risc. Nedorin\u021ba Tiraspolului este, a\u015f spune, doar un moft, element de presiunea politic\u0103&#8221;, a spus\u00a0Eugen Carpov, pre\u015fedintele Comisiei securitate.<\/p>\n<p>\u00cen noiembrie 2017, reprezentan\u0163ii politici ai Chi\u015fin\u0103ului \u015fi Tiraspolului au semnat patru protocoale pentru solu\u0163ionarea unor chestiuni stringente, precum accesul elevilor la studii \u00een limba rom\u00e2n\u0103, problema terenurilor fermierilor, apostilarea diplomelor de studii, dar \u015fi restabilirea leg\u0103turii telefonice.<\/p>\n<p>Cite\u0219te mai mult: <a href=\"https:\/\/www.publika.md\/584-de-vehicule-din-regiunea-transnistreana-au-fost-inmatriculate-de-la-deschiderea-ghiseelor-asp-din-tiraspol-si-rabnita_3022880.html#ixzz5UrEyt8bB\">https:\/\/www.publika.md\/584-de-vehicule-din-regiunea-transnistreana-au-fost-inmatriculate-de-la-deschiderea-ghiseelor-asp-din-tiraspol-si-rabnita_3022880.html#ixzz5UrEyt8bB<\/a><br \/>\nFollow us: <a href=\"https:\/\/ec.tynt.com\/b\/rw?id=dWcNF856Wr5OkPrkHcnlKl&amp;u=publikatv\" target=\"_blank\" rel=\"noopener\">@publikatv on Twitter<\/a> | <a href=\"https:\/\/ec.tynt.com\/b\/rf?id=dWcNF856Wr5OkPrkHcnlKl&amp;u=publika.md\" target=\"_blank\" rel=\"noopener\">publika.md on Facebook<\/a><\/p>\n","protected":false},"excerpt":{"rendered":"<p>Aproape 600 de autovehicule din regiunea transnistrean\u0103 au fost \u00eenmatriculate la ghi\u015feele Agen\u0163iei Servicii Publice, deschise \u00een septembrie, la Tiraspol \u015fi R\u00e2bni\u0163a. Datele au fost prezentate \u00een cadrul audierilor la comisia securitate a Parlamentului. &#8220;\u00cen regiunea transnistrean\u0103 au fost organizate proceduri de \u00eenmatriculare a 584 de autovehicule \u015fi cinci motociclete. Este aplicat mecanism de programarea&#8230;<\/p>\n","protected":false},"author":2,"featured_media":0,"comment_status":"closed","ping_status":"open","sticky":false,"template":"","format":"standard","meta":[],"categories":[1],"tags":[],"_links":{"self":[{"href":"https:\/\/centers.ulbsibiu.ro\/ccsprise\/lact\/wp-json\/wp\/v2\/posts\/5517"}],"collection":[{"href":"https:\/\/centers.ulbsibiu.ro\/ccsprise\/lact\/wp-json\/wp\/v2\/posts"}],"about":[{"href":"https:\/\/centers.ulbsibiu.ro\/ccsprise\/lact\/wp-json\/wp\/v2\/types\/post"}],"author":[{"embeddable":true,"href":"https:\/\/centers.ulbsibiu.ro\/ccsprise\/lact\/wp-json\/wp\/v2\/users\/2"}],"replies":[{"embeddable":true,"href":"https:\/\/centers.ulbsibiu.ro\/ccsprise\/lact\/wp-json\/wp\/v2\/comments?post=5517"}],"version-history":[{"count":1,"href":"https:\/\/centers.ulbsibiu.ro\/ccsprise\/lact\/wp-json\/wp\/v2\/posts\/5517\/revisions"}],"predecessor-version":[{"id":5518,"href":"https:\/\/centers.ulbsibiu.ro\/ccsprise\/lact\/wp-json\/wp\/v2\/posts\/5517\/revisions\/5518"}],"wp:attachment":[{"href":"https:\/\/centers.ulbsibiu.ro\/ccsprise\/lact\/wp-json\/wp\/v2\/media?parent=5517"}],"wp:term":[{"taxonomy":"category","embeddable":true,"href":"https:\/\/centers.ulbsibiu.ro\/ccsprise\/lact\/wp-json\/wp\/v2\/categories?post=5517"},{"taxonomy":"post_tag","embeddable":true,"href":"https:\/\/centers.ulbsibiu.ro\/ccsprise\/lact\/wp-json\/wp\/v2\/tags?post=5517"}],"curies":[{"name":"wp","href":"https:\/\/api.w.org\/{rel}","templated":true}]}}