{"id":5513,"date":"2018-10-22T18:31:47","date_gmt":"2018-10-22T16:31:47","guid":{"rendered":"https:\/\/centers.ulbsibiu.ro\/ccsprise\/lact\/?p=5513"},"modified":"2018-10-22T18:31:47","modified_gmt":"2018-10-22T16:31:47","slug":"gov-md-vicepremierul-cristina-lesnic-a-convocat-astazi-sedinta-cu-conducatorii-grupurilor-de-lucru-sectoriale","status":"publish","type":"post","link":"https:\/\/centers.ulbsibiu.ro\/ccsprise\/lact\/gov-md-vicepremierul-cristina-lesnic-a-convocat-astazi-sedinta-cu-conducatorii-grupurilor-de-lucru-sectoriale\/","title":{"rendered":"Gov.md &#8211; Vicepremierul Cristina Lesnic a convocat ast\u0103zi \u0219edin\u021b\u0103 cu conduc\u0103torii grupurilor de lucru sectoriale"},"content":{"rendered":"<p>Viceprim-ministrul pentru reintegrare Cristina Lesnic a convocat ast\u0103zi, 22 octombrie curent, \u0219edin\u021b\u0103 cu conduc\u0103torii grupurilor de lucru sectoriale, care poart\u0103 discu\u021biile dintre Chi\u0219in\u0103u \u0219i Tiraspol pe problematica transnistrean\u0103.<\/p>\n<p>\u00cen cadrul \u0219edin\u021bei Vicepremierul a evaluat dinamica \u0219i activitatea exper\u021bilor de profil, a eviden\u021biat reu\u0219itele, dar \u0219i deficien\u021bele, care necesit\u0103\u00a0 interven\u021bia factorilor decizionali.<\/p>\n<p>Conduc\u0103torii grupurilor de lucru sectoriale au prezentat situa\u021bia la zi \u0219i au punctat pa\u0219ii urm\u0103tori pe domeniile de responsabilitate.<\/p>\n<p>\u00cen particular, a fost examinat\u0103 realizarea prevederilor Deciziilor protocolare semnate anterior, \u00een domeniile: telecomunica\u021biilor, apostilei, accederii autovehiculelor transnistrene cu pl\u0103cu\u021bele neutre \u00een traficul rutier interna\u021bional, func\u021bion\u0103rii \u0219colilor cu predare \u00een limba rom\u00e2n\u0103 din st\u00e2nga Nistrului, asigur\u0103rii liberii circula\u021bii etc.<\/p>\n<p>Viceprim-ministrul Cristina Lesnic a pus accent pe comunicarea strategic\u0103 \u0219i opera\u021bional\u0103 eficient\u0103, informarea despre incidentele sau dificult\u0103\u021bile ap\u0103rute, presta\u021bia profesional\u0103 la toate nivelurile \u0219i informarea Biroului politici de reintegrare despre eventualele riscuri.<\/p>\n<p>\u00cen final, doamna Cristina Lesnic a notat c\u0103 astfel de \u0219edin\u021be sunt foarte utile \u00een vederea schimbului de informa\u021bii \u0219i formul\u0103rii propunerilor relevante, care pot asigura consisten\u021ba dialogului \u00een beneficiul popula\u021biei de pe ambele maluri ale Nistrului.<\/p>\n<p>Sursa:\u00a0<a href=\"https:\/\/gov.md\/ro\/content\/vicepremierul-cristina-lesnic-convocat-astazi-sedinta-cu-conducatorii-grupurilor-de-lucru\">https:\/\/gov.md\/<\/a><\/p>\n","protected":false},"excerpt":{"rendered":"<p>Viceprim-ministrul pentru reintegrare Cristina Lesnic a convocat ast\u0103zi, 22 octombrie curent, \u0219edin\u021b\u0103 cu conduc\u0103torii grupurilor de lucru sectoriale, care poart\u0103 discu\u021biile dintre Chi\u0219in\u0103u \u0219i Tiraspol pe problematica transnistrean\u0103. \u00cen cadrul \u0219edin\u021bei Vicepremierul a evaluat dinamica \u0219i activitatea exper\u021bilor de profil, a eviden\u021biat reu\u0219itele, dar \u0219i deficien\u021bele, care necesit\u0103\u00a0 interven\u021bia factorilor decizionali. Conduc\u0103torii grupurilor de lucru&#8230;<\/p>\n","protected":false},"author":2,"featured_media":0,"comment_status":"closed","ping_status":"open","sticky":false,"template":"","format":"standard","meta":[],"categories":[1],"tags":[],"_links":{"self":[{"href":"https:\/\/centers.ulbsibiu.ro\/ccsprise\/lact\/wp-json\/wp\/v2\/posts\/5513"}],"collection":[{"href":"https:\/\/centers.ulbsibiu.ro\/ccsprise\/lact\/wp-json\/wp\/v2\/posts"}],"about":[{"href":"https:\/\/centers.ulbsibiu.ro\/ccsprise\/lact\/wp-json\/wp\/v2\/types\/post"}],"author":[{"embeddable":true,"href":"https:\/\/centers.ulbsibiu.ro\/ccsprise\/lact\/wp-json\/wp\/v2\/users\/2"}],"replies":[{"embeddable":true,"href":"https:\/\/centers.ulbsibiu.ro\/ccsprise\/lact\/wp-json\/wp\/v2\/comments?post=5513"}],"version-history":[{"count":1,"href":"https:\/\/centers.ulbsibiu.ro\/ccsprise\/lact\/wp-json\/wp\/v2\/posts\/5513\/revisions"}],"predecessor-version":[{"id":5514,"href":"https:\/\/centers.ulbsibiu.ro\/ccsprise\/lact\/wp-json\/wp\/v2\/posts\/5513\/revisions\/5514"}],"wp:attachment":[{"href":"https:\/\/centers.ulbsibiu.ro\/ccsprise\/lact\/wp-json\/wp\/v2\/media?parent=5513"}],"wp:term":[{"taxonomy":"category","embeddable":true,"href":"https:\/\/centers.ulbsibiu.ro\/ccsprise\/lact\/wp-json\/wp\/v2\/categories?post=5513"},{"taxonomy":"post_tag","embeddable":true,"href":"https:\/\/centers.ulbsibiu.ro\/ccsprise\/lact\/wp-json\/wp\/v2\/tags?post=5513"}],"curies":[{"name":"wp","href":"https:\/\/api.w.org\/{rel}","templated":true}]}}