{"id":5511,"date":"2018-10-22T18:28:38","date_gmt":"2018-10-22T16:28:38","guid":{"rendered":"https:\/\/centers.ulbsibiu.ro\/ccsprise\/lact\/?p=5511"},"modified":"2018-10-22T18:28:38","modified_gmt":"2018-10-22T16:28:38","slug":"infotag-md-presedintele-igor-dodon-considera-ca-problema-transnistreana-va-fi-in-curand-solutionata-politic","status":"publish","type":"post","link":"https:\/\/centers.ulbsibiu.ro\/ccsprise\/lact\/infotag-md-presedintele-igor-dodon-considera-ca-problema-transnistreana-va-fi-in-curand-solutionata-politic\/","title":{"rendered":"Infotag.md &#8211; PRE\u015eEDINTELE IGOR DODON CONSIDER\u0102 C\u0102 PROBLEMA TRANSNISTREAN\u0102 VA FI \u00ceN CUR\u00c2ND SOLU\u0162IONAT\u0102 POLITIC"},"content":{"rendered":"<p>Pre\u015fedintele Igor Dodon consider\u0103 c\u0103 problema transnistrean\u0103 va fi \u00een cur\u00e2nd solu\u0163ionat\u0103 politic. Potrivit agen\u0163iei INFOTAG, despre aceasta el a declarat \u00eentr-un interviu pentru ziarul \u201eMoskovskii komsomole\u0163\u201d.<br \/>\n\u201eTransnistria face parte din Republica Moldova. Aceasta nu este doar pozi\u021bia Chi\u0219in\u0103ului. Aceasta este pozi\u021bia tuturor, inclusiv a Moscovei. Conducerea Federa\u021biei Ruse a spus \u00eentotdeauna la toate nivelurile c\u0103 Transnistria face parte din Moldova. Pentru reintegrarea politic\u0103, este necesar s\u0103 fie determinat statutul acestei regiuni. Am avut ocazia s\u0103 rezolv\u0103m aceast\u0103 problem\u0103 \u00een 2003. Am \u00een vedere a\u015fa-numitul \u201eplan Kozak\u201d. \u00cens\u0103 conducerea Republicii Moldova nu a vrut s\u0103 semneze atunci acordul deja preg\u0103tit. \u00cen orice caz, noi vom ob\u0163ine reglementarea politic\u0103. \u00cen spa\u021biul postsovietic, problema transnistrean\u0103 este cea mai apropiat\u0103 de a fi solu\u021bionat\u0103\u201d, a subliniat Dodon.<br \/>\nPotrivit lui, \u201eTransnistria nu poate supravie\u021bui f\u0103r\u0103 Moldova, deoarece este str\u00e2ns\u0103 \u00eentre Ucraina \u0219i Moldova\u201d.<br \/>\n\u201eIar dup\u0103 Moldova este deja NATO, Rom\u00e2nia. Dac\u0103 cineva crede c\u0103 Republica Moldova va merge pe propria cale, iar Transnistria pe calea sa, atunci aceasta nu se va \u00eent\u00e2mpla niciodat\u0103. Suntem \u00een aceea\u0219i barc\u0103. Dac\u0103 aceast\u0103 barc\u0103 se va r\u0103sturna, va fi r\u0103u pentru to\u0163i. Cineva sper\u0103 c\u0103 Transnistria va avea independen\u021b\u0103 sau statut de subiect al Federa\u021biei Ruse. Dar acest lucru este imposibil, pentru c\u0103 nici Ucraina, nici Republica Moldova nu vor accepta acest lucru\u201d, a spus Pre\u0219edintele.<br \/>\nEl a men\u021bionat c\u0103 administra\u021bia preziden\u021bial\u0103 are propria viziune asupra solu\u021bion\u0103rii politice a problemei transnistrene, \u201edar este prea devreme de a discuta public acest lucru\u201d.<br \/>\n\u201eAstfel de lucruri pot fi discutate dup\u0103 ce va fi elaborat\u0103 o pozi\u021bie comun\u0103 \u00een aceast\u0103 chestiune la Chi\u0219in\u0103u\u201d, consider\u0103 Pre\u0219edintele Republicii Moldova.<br \/>\nR\u0103spunz\u00e2nd la \u00eentreb\u0103rile jurnalistului, el a spus c\u0103 Transnistria nu trebuie comparat\u0103 cu regiunea Kaliningrad, care face parte din Federa\u021bia Rus\u0103, f\u0103r\u0103 grani\u021be comune cu Rusia.<br \/>\n\u201eKaliningrad \u0219i Transnistria sunt lucruri complet diferite. V\u0103d dorin\u021ba conducerii Federa\u021biei Ruse de a rezolva aceast\u0103 problem\u0103. \u0218i faptul c\u0103 trimisul preziden\u021bial rus a fost numit pentru prima dat\u0103 nu \u00een Transnistria, ci \u00een Moldova, spune multe\u201d, a spus Dodon.<br \/>\nEl a mai spus c\u0103 nu trebuie f\u0103cute paralele \u00eentre Georgia \u0219i Moldova.<br \/>\n\u201eGeorgia a fost foarte activ\u0103 \u00een aderarea la NATO. \u00cen Moldova, problema NATO nu este abordat\u0103. Constitu\u021bia noastr\u0103 stipuleaz\u0103 c\u0103 Moldova este un stat neutru. Una dintre sarcinile mele este s\u0103 ob\u021bin recunoa\u0219terea acestui statut la nivel interna\u021bional. Moldova nu poate adera nici la NATO, nici la Organiza\u0163ia Tratatului de Securitate Colectiv\u0103. Statutul neutru este singura garan\u021bie a p\u0103str\u0103rii sale\u201d, consider\u0103 \u0219eful statului.<br \/>\n\u00centrebat despre opera\u0163iunea de pacificare pe malurile Nistrului, el a declarat c\u0103 \u201e\u00een cei 26 de ani, pacificatorii s-au descurcat cu sarcina lor\u201d.<br \/>\n\u201eAceasta este o misiune de succes \u0219i trebuie continuat\u0103. Nu sunt de acord c\u0103 este necesar\u0103 reducerea acestei opera\u021biuni sau modificarea formatului acesteia\u201d, a spus Dodon.<br \/>\nPotrivit lui, problema retragerii Grupului Operativ al Trupelor Ruse (GOTR) din Moldova \u201eva fi rezolvat\u0103 \u00een procesul de reintegrare\u201d.<br \/>\n\u201eMoldova este un stat neutru, pe teritoriul s\u0103u nu trebuie s\u0103 existe trupe ale altor \u021b\u0103ri. Dar acest lucru poate fi rezolvat doar \u00een cadrul reglement\u0103rii politice a problemei transnistrene\u201d, a subliniat Dodon.<br \/>\n\u00cen opinia sa, viitorul Moldovei \u0219i al Transnistriei \u201eeste posibil numai \u00eempreun\u0103\u201d.<br \/>\n\u201e\u00cempreun\u0103 vom fi mai puternici. Avem deja o bun\u0103 ancor\u0103 a statalit\u0103\u021bii moldovene\u0219ti \u2013 aceasta este G\u0103g\u0103uzia. \u0218i sunt sigur c\u0103 solu\u021bionarea problemei transnistrene va \u00eent\u0103ri statalitatea moldoveneasc\u0103. Moldova nu va adera la niciun fel de NATO dup\u0103 aceea. Niciodat\u0103. \u0218i acest lucru este convenabil \u015fi Transnistriei. \u0218i sunt convins c\u0103 majoritatea oamenilor de acolo vor s\u0103 ias\u0103 din linia neagr\u0103 a nerecunoa\u0219terii\u201d, a spus Dodon.<\/p>\n<p>Sursa:\u00a0<a href=\"http:\/\/www.infotag.md\/rebelion-ro\/268278\/\">http:\/\/www.infotag.md\/<\/a><\/p>\n","protected":false},"excerpt":{"rendered":"<p>Pre\u015fedintele Igor Dodon consider\u0103 c\u0103 problema transnistrean\u0103 va fi \u00een cur\u00e2nd solu\u0163ionat\u0103 politic. Potrivit agen\u0163iei INFOTAG, despre aceasta el a declarat \u00eentr-un interviu pentru ziarul \u201eMoskovskii komsomole\u0163\u201d. \u201eTransnistria face parte din Republica Moldova. Aceasta nu este doar pozi\u021bia Chi\u0219in\u0103ului. Aceasta este pozi\u021bia tuturor, inclusiv a Moscovei. Conducerea Federa\u021biei Ruse a spus \u00eentotdeauna la toate nivelurile&#8230;<\/p>\n","protected":false},"author":2,"featured_media":0,"comment_status":"closed","ping_status":"open","sticky":false,"template":"","format":"standard","meta":[],"categories":[1],"tags":[],"_links":{"self":[{"href":"https:\/\/centers.ulbsibiu.ro\/ccsprise\/lact\/wp-json\/wp\/v2\/posts\/5511"}],"collection":[{"href":"https:\/\/centers.ulbsibiu.ro\/ccsprise\/lact\/wp-json\/wp\/v2\/posts"}],"about":[{"href":"https:\/\/centers.ulbsibiu.ro\/ccsprise\/lact\/wp-json\/wp\/v2\/types\/post"}],"author":[{"embeddable":true,"href":"https:\/\/centers.ulbsibiu.ro\/ccsprise\/lact\/wp-json\/wp\/v2\/users\/2"}],"replies":[{"embeddable":true,"href":"https:\/\/centers.ulbsibiu.ro\/ccsprise\/lact\/wp-json\/wp\/v2\/comments?post=5511"}],"version-history":[{"count":1,"href":"https:\/\/centers.ulbsibiu.ro\/ccsprise\/lact\/wp-json\/wp\/v2\/posts\/5511\/revisions"}],"predecessor-version":[{"id":5512,"href":"https:\/\/centers.ulbsibiu.ro\/ccsprise\/lact\/wp-json\/wp\/v2\/posts\/5511\/revisions\/5512"}],"wp:attachment":[{"href":"https:\/\/centers.ulbsibiu.ro\/ccsprise\/lact\/wp-json\/wp\/v2\/media?parent=5511"}],"wp:term":[{"taxonomy":"category","embeddable":true,"href":"https:\/\/centers.ulbsibiu.ro\/ccsprise\/lact\/wp-json\/wp\/v2\/categories?post=5511"},{"taxonomy":"post_tag","embeddable":true,"href":"https:\/\/centers.ulbsibiu.ro\/ccsprise\/lact\/wp-json\/wp\/v2\/tags?post=5511"}],"curies":[{"name":"wp","href":"https:\/\/api.w.org\/{rel}","templated":true}]}}