{"id":5506,"date":"2018-10-21T18:35:33","date_gmt":"2018-10-21T16:35:33","guid":{"rendered":"https:\/\/centers.ulbsibiu.ro\/ccsprise\/lact\/?p=5506"},"modified":"2018-10-21T18:35:33","modified_gmt":"2018-10-21T16:35:33","slug":"gov-md-noul-atasat-militar-al-federatiei-ruse-a-fost-inclus-in-comisia-unificata-de-control","status":"publish","type":"post","link":"https:\/\/centers.ulbsibiu.ro\/ccsprise\/lact\/gov-md-noul-atasat-militar-al-federatiei-ruse-a-fost-inclus-in-comisia-unificata-de-control\/","title":{"rendered":"Gov.md &#8211; Noul Ata\u0219at militar al Federa\u021biei Ruse a fost inclus \u00een Comisia Unificat\u0103 de Control"},"content":{"rendered":"<p>\u0218edin\u021ba Comisiei Unificate de Control (CUC) din 18 octombrie a.c. a \u00eenceput cu un minut de reculegere p\u0103strat \u00een memoria tinerilor deceda\u021bi \u00een urma tragediei care s-a produs la 17 octombrie \u00eentr-o institu\u021bie de \u00eenv\u0103\u021b\u0103m\u00e2nt din ora\u0219ul Kerch.<\/p>\n<p>Ulterior au fost aproba\u021bi \u00een calitate de membri ai delega\u021biei Federa\u021biei Ruse colonelul Andrei Prib\u00eetkov, <em>Ata\u0219at militar \u0219i aero pe l\u00e2ng\u0103 Ambasada Federa\u021biei Ruse \u00een Republica Moldova, dar \u0219i Asistentul superior al acestuia, colonelul Alexei Makarov.<\/em><\/p>\n<p>Comandamentul Militar \u00centrunit a prezentat rapoartele s\u0103pt\u0103m\u00e2nale privind situa\u021bia din Zona de Securitate pentru perioadele 19-25 septembrie \u0219i 10-16 octombrie 2018.<\/p>\n<p>\u00cen cadrul discu\u021biilor, Delega\u021bia Republicii Moldova a reiterat, <a href=\"https:\/\/gov.md\/sites\/default\/files\/cuc_1.pdf\" target=\"_blank\" rel=\"noopener\"><strong>\u00eentr-o declara\u021bie<\/strong><\/a>, mesajul s\u0103u despre\u00a0 necesitatea sporirii eficacit\u0103\u021bii mecanismelor \u0219i procedurilor de control a situa\u021biei \u00een Zona de Securitate de c\u0103tre For\u021bele Mixte de Pacificare.<\/p>\n<p>\u00cen alt\u0103 ordine de idei, Delega\u021bia Republicii Moldova <a href=\"https:\/\/gov.md\/sites\/default\/files\/cuc_2.pdf\" target=\"_blank\" rel=\"noopener\"><strong>a comb\u0103tut<\/strong><\/a>, prin argumente, \u00eencercarea structurilor transnistrene de a induce \u00een eroare opinia public\u0103 mu\u0219amaliz\u00e2nd exerci\u021biile militare desf\u0103\u0219urate \u00een Zona de Securitate, inclusiv cu for\u021barea Nistrului.<\/p>\n<p>\u00cen acest context, Delega\u021bia Republicii Moldova a chemat componentele Comisiei s\u0103 oblige Comandamentul Militar \u00centrunit \u0219i Statul Major al For\u021belor Mixte de Pacificare de a \u00eentreprinde toate m\u0103surile prev\u0103zute de cadrul normativ pentru neadmiterea p\u0103trunderii neautorizate \u00een Zona de Securitate a structurilor militare \u0219i paramilitare neatribuite For\u021belor Mixte de Pacificare.<\/p>\n<p>Comisia se va reuni din nou la 25 octombrie 2018.<\/p>\n<p>&nbsp;<\/p>\n<p><strong>Delega\u021bia Republicii Moldova \u00een Comisia Unificat\u0103 de Control<\/strong><\/p>\n<p>&nbsp;<\/p>\n<p>Sursa:\u00a0<a href=\"https:\/\/gov.md\/ro\/content\/noul-atasat-militar-al-federatiei-ruse-fost-inclus-comisia-unificata-de-control\">https:\/\/gov.md\/<\/a><\/p>\n","protected":false},"excerpt":{"rendered":"<p>\u0218edin\u021ba Comisiei Unificate de Control (CUC) din 18 octombrie a.c. a \u00eenceput cu un minut de reculegere p\u0103strat \u00een memoria tinerilor deceda\u021bi \u00een urma tragediei care s-a produs la 17 octombrie \u00eentr-o institu\u021bie de \u00eenv\u0103\u021b\u0103m\u00e2nt din ora\u0219ul Kerch. Ulterior au fost aproba\u021bi \u00een calitate de membri ai delega\u021biei Federa\u021biei Ruse colonelul Andrei Prib\u00eetkov, Ata\u0219at militar&#8230;<\/p>\n","protected":false},"author":2,"featured_media":0,"comment_status":"closed","ping_status":"open","sticky":false,"template":"","format":"standard","meta":[],"categories":[1],"tags":[],"_links":{"self":[{"href":"https:\/\/centers.ulbsibiu.ro\/ccsprise\/lact\/wp-json\/wp\/v2\/posts\/5506"}],"collection":[{"href":"https:\/\/centers.ulbsibiu.ro\/ccsprise\/lact\/wp-json\/wp\/v2\/posts"}],"about":[{"href":"https:\/\/centers.ulbsibiu.ro\/ccsprise\/lact\/wp-json\/wp\/v2\/types\/post"}],"author":[{"embeddable":true,"href":"https:\/\/centers.ulbsibiu.ro\/ccsprise\/lact\/wp-json\/wp\/v2\/users\/2"}],"replies":[{"embeddable":true,"href":"https:\/\/centers.ulbsibiu.ro\/ccsprise\/lact\/wp-json\/wp\/v2\/comments?post=5506"}],"version-history":[{"count":1,"href":"https:\/\/centers.ulbsibiu.ro\/ccsprise\/lact\/wp-json\/wp\/v2\/posts\/5506\/revisions"}],"predecessor-version":[{"id":5507,"href":"https:\/\/centers.ulbsibiu.ro\/ccsprise\/lact\/wp-json\/wp\/v2\/posts\/5506\/revisions\/5507"}],"wp:attachment":[{"href":"https:\/\/centers.ulbsibiu.ro\/ccsprise\/lact\/wp-json\/wp\/v2\/media?parent=5506"}],"wp:term":[{"taxonomy":"category","embeddable":true,"href":"https:\/\/centers.ulbsibiu.ro\/ccsprise\/lact\/wp-json\/wp\/v2\/categories?post=5506"},{"taxonomy":"post_tag","embeddable":true,"href":"https:\/\/centers.ulbsibiu.ro\/ccsprise\/lact\/wp-json\/wp\/v2\/tags?post=5506"}],"curies":[{"name":"wp","href":"https:\/\/api.w.org\/{rel}","templated":true}]}}