{"id":5493,"date":"2018-10-17T19:47:51","date_gmt":"2018-10-17T17:47:51","guid":{"rendered":"https:\/\/centers.ulbsibiu.ro\/ccsprise\/lact\/?p=5493"},"modified":"2018-10-17T19:47:51","modified_gmt":"2018-10-17T17:47:51","slug":"gov-md-intrevederea-viceprim-ministrului-cristina-lesnic-cu-ambasadorul-romaniei-in-republica-moldova-e-s-daniel-ionita","status":"publish","type":"post","link":"https:\/\/centers.ulbsibiu.ro\/ccsprise\/lact\/gov-md-intrevederea-viceprim-ministrului-cristina-lesnic-cu-ambasadorul-romaniei-in-republica-moldova-e-s-daniel-ionita\/","title":{"rendered":"Gov.md &#8211; \u00centrevederea Viceprim-ministrului Cristina Lesnic cu Ambasadorul Rom\u00e2niei \u00een Republica Moldova, E.S. Daniel Ioni\u0163\u0103"},"content":{"rendered":"<p>Viceprim-ministrul Cristina Lesnic a avut ast\u0103zi, 17 octombrie curent, o \u00eentrevedere cu Ambasadorul Rom\u00e2niei \u00een Republica Moldova, E.S. Daniel Ioni\u021b\u0103, \u00een vederea efectu\u0103rii unui\u00a0<em>follow-up<\/em>\u00a0pe marginea rezultatelor vizitei de lucru a delega\u021biei guvernamentale la Bucure\u0219ti, la 8 octombrie 2018. La \u0219edin\u021b\u0103 au participat reprezentan\u021bi ai Biroului politici de reintegrare, precum \u0219i ai Ministerului Afacerilor Externe \u0219i Integr\u0103rii Europene.<\/p>\n<p>Oficialii au trecut \u00een revist\u0103 ultimele evolu\u021bii \u00een procesul de negocieri, fiind accentuat\u0103 importan\u021ba men\u021binerii func\u021bionalit\u0103\u021bii tuturor platformelor de dialog existente.<\/p>\n<p>La finele discu\u021biei, Vicepremierul Cristina Lesnic a mul\u021bumit Ambasadorului pentru buna organizare a vizitei prenotate, men\u021bion\u00e2nd c\u0103, \u00een cadrul acesteia au avut loc discu\u021bii consistente \u0219i productive pe diverse aspecte de interes reciproc.<\/p>\n<p>Sursa:\u00a0<a href=\"https:\/\/gov.md\/ro\/content\/intrevederea-viceprim-ministrului-cristina-lesnic-cu-ambasadorul-romaniei-republica-3\">https:\/\/gov.md\/<\/a><\/p>\n","protected":false},"excerpt":{"rendered":"<p>Viceprim-ministrul Cristina Lesnic a avut ast\u0103zi, 17 octombrie curent, o \u00eentrevedere cu Ambasadorul Rom\u00e2niei \u00een Republica Moldova, E.S. Daniel Ioni\u021b\u0103, \u00een vederea efectu\u0103rii unui\u00a0follow-up\u00a0pe marginea rezultatelor vizitei de lucru a delega\u021biei guvernamentale la Bucure\u0219ti, la 8 octombrie 2018. La \u0219edin\u021b\u0103 au participat reprezentan\u021bi ai Biroului politici de reintegrare, precum \u0219i ai Ministerului Afacerilor Externe \u0219i&#8230;<\/p>\n","protected":false},"author":2,"featured_media":0,"comment_status":"closed","ping_status":"open","sticky":false,"template":"","format":"standard","meta":[],"categories":[1],"tags":[],"_links":{"self":[{"href":"https:\/\/centers.ulbsibiu.ro\/ccsprise\/lact\/wp-json\/wp\/v2\/posts\/5493"}],"collection":[{"href":"https:\/\/centers.ulbsibiu.ro\/ccsprise\/lact\/wp-json\/wp\/v2\/posts"}],"about":[{"href":"https:\/\/centers.ulbsibiu.ro\/ccsprise\/lact\/wp-json\/wp\/v2\/types\/post"}],"author":[{"embeddable":true,"href":"https:\/\/centers.ulbsibiu.ro\/ccsprise\/lact\/wp-json\/wp\/v2\/users\/2"}],"replies":[{"embeddable":true,"href":"https:\/\/centers.ulbsibiu.ro\/ccsprise\/lact\/wp-json\/wp\/v2\/comments?post=5493"}],"version-history":[{"count":1,"href":"https:\/\/centers.ulbsibiu.ro\/ccsprise\/lact\/wp-json\/wp\/v2\/posts\/5493\/revisions"}],"predecessor-version":[{"id":5494,"href":"https:\/\/centers.ulbsibiu.ro\/ccsprise\/lact\/wp-json\/wp\/v2\/posts\/5493\/revisions\/5494"}],"wp:attachment":[{"href":"https:\/\/centers.ulbsibiu.ro\/ccsprise\/lact\/wp-json\/wp\/v2\/media?parent=5493"}],"wp:term":[{"taxonomy":"category","embeddable":true,"href":"https:\/\/centers.ulbsibiu.ro\/ccsprise\/lact\/wp-json\/wp\/v2\/categories?post=5493"},{"taxonomy":"post_tag","embeddable":true,"href":"https:\/\/centers.ulbsibiu.ro\/ccsprise\/lact\/wp-json\/wp\/v2\/tags?post=5493"}],"curies":[{"name":"wp","href":"https:\/\/api.w.org\/{rel}","templated":true}]}}