{"id":5489,"date":"2018-10-15T20:11:10","date_gmt":"2018-10-15T18:11:10","guid":{"rendered":"https:\/\/centers.ulbsibiu.ro\/ccsprise\/lact\/?p=5489"},"modified":"2018-10-15T20:11:10","modified_gmt":"2018-10-15T18:11:10","slug":"gov-md-chisinaul-solicita-anularea-sistemului-de-notificare-pentru-elevi-parintii-acestora-si-profesorii-scolilor-cu-predare-in-grafie-latina-in-contextul-liberei-circulatii","status":"publish","type":"post","link":"https:\/\/centers.ulbsibiu.ro\/ccsprise\/lact\/gov-md-chisinaul-solicita-anularea-sistemului-de-notificare-pentru-elevi-parintii-acestora-si-profesorii-scolilor-cu-predare-in-grafie-latina-in-contextul-liberei-circulatii\/","title":{"rendered":"Gov.md &#8211; Chi\u0219in\u0103ul solicit\u0103 anularea ,,sistemului de notificare\u201d pentru elevi, p\u0103rin\u021bii acestora \u0219i profesorii \u0219colilor cu predare \u00een grafie latin\u0103 \u00een contextul liberei circula\u021bii"},"content":{"rendered":"<p>Ast\u0103zi, 15 septembrie a.c., la Tiraspol a avut loc reuniunea grupurilor de lucru pentru educa\u021bie, \u00een formatul exper\u021bilor.<\/p>\n<p>Av\u00e2nd \u00een vedere c\u0103 dreptul la educa\u021bie este unul inerent oric\u0103rui copil, Chi\u0219in\u0103ul a propus revizuirea stadiului de implementare a Deciziei protocolare cu privire la func\u021bionarea \u0219colilor cu predare \u00een grafie latin\u0103, semnat la finele anului 2017.<\/p>\n<p>Dup\u0103 discu\u021bia cu directorii \u0219colilor cu predare \u00een grafie latin\u0103 \u0219i confruntarea datelor colectate, partea moldoveneasc\u0103 a insistat \u00een procesul de negocieri c\u0103 unele dintre angajamentele asumate nu sunt realizate de c\u0103tre Tiraspol, or Chi\u0219in\u0103ul a solicitat expres revizuirea tarifelor pentru ap\u0103, canalizare \u0219i energie termic\u0103 similar tarifelor altor \u0219coli din regiune.<\/p>\n<p>La ini\u021biativa Chi\u0219in\u0103ului, un subiect important a fost abordarea problemei liberei circula\u021bii a elevilor, p\u0103rin\u021bilor acestora \u0219i a profesorilor, f\u0103r\u0103 notificare prealabil\u0103. Aceast\u0103 ini\u021biativ\u0103 a fost propus\u0103 de c\u0103tre reprezentantul politic din partea Chi\u0219in\u0103ului, Viceprim-ministrul pentru reintegrare, Cristina Lesnic \u00een cadrul vizitei \u00een Republica Moldova, a Reprezentantului Special al OSCE, domnul Franco Frattini, la mijlocul lunii septembrie curent.<\/p>\n<p>Potrivit ini\u021biativei sus-citate, cei 1500 elevi din \u0219colile cu predare \u00een limba rom\u00e2n\u0103 trebuie s\u0103 circule liber, s\u0103 fie exclu\u0219i din contextul politic \u0219i s\u0103 fie preocupa\u021bi de educa\u021bie, f\u0103r\u0103 aplicarea \u00een privin\u021ba acestora a sistemului de notificare.<\/p>\n<p>Ast\u0103zi, Chi\u0219in\u0103ul a reiterat aceast\u0103 ini\u021biativ\u0103 p\u0103r\u021bii transnistrene \u0219i a insistat asupra faptului c\u0103 solu\u021bionarea acestei probleme se tergiverseaz\u0103.<\/p>\n<p>Un aspect important a vizat cererile \u0219i peti\u021biile parvenite de la p\u0103rin\u021bii elevilor \u0219i profesorilor \u0219colilor men\u021bionate pentru a interveni \u00een diferite situa\u021bii ce \u021bin de transportarea bunurilor \u0219i literaturii, precum \u0219i abordarea anumitor incidente.<\/p>\n<p>Printre tematicile discutate se \u00eenscriu \u0219i subiectele ce \u021bin de apostilare \u0219i supralegalizare, rezultatele inspec\u021biilor \u0219i sistemele de protejare antiincendiar\u0103, sediile adiacente ale cl\u0103dirilor ce urmeaz\u0103 s\u0103 fie date \u00een folosin\u021b\u0103.<\/p>\n<p>Eforturile depuse de Chi\u0219in\u0103u vin s\u0103 abordeze tot spectrul larg de subiecte care s\u0103 permit\u0103 buna func\u021bionare a \u0219colilor, care au menirea s\u0103 creeze un mediu favorabil de studii \u0219i alegerea proprie a limbii de studii pentru orice copil.<\/p>\n<p>Sursa:\u00a0<a href=\"https:\/\/gov.md\/ro\/content\/chisinaul-solicita-anularea-sistemului-de-notificare-pentru-elevi-parintii-acestora-si\">https:\/\/gov.md\/<\/a><\/p>\n","protected":false},"excerpt":{"rendered":"<p>Ast\u0103zi, 15 septembrie a.c., la Tiraspol a avut loc reuniunea grupurilor de lucru pentru educa\u021bie, \u00een formatul exper\u021bilor. Av\u00e2nd \u00een vedere c\u0103 dreptul la educa\u021bie este unul inerent oric\u0103rui copil, Chi\u0219in\u0103ul a propus revizuirea stadiului de implementare a Deciziei protocolare cu privire la func\u021bionarea \u0219colilor cu predare \u00een grafie latin\u0103, semnat la finele anului 2017&#8230;.<\/p>\n","protected":false},"author":2,"featured_media":0,"comment_status":"closed","ping_status":"open","sticky":false,"template":"","format":"standard","meta":[],"categories":[1],"tags":[],"_links":{"self":[{"href":"https:\/\/centers.ulbsibiu.ro\/ccsprise\/lact\/wp-json\/wp\/v2\/posts\/5489"}],"collection":[{"href":"https:\/\/centers.ulbsibiu.ro\/ccsprise\/lact\/wp-json\/wp\/v2\/posts"}],"about":[{"href":"https:\/\/centers.ulbsibiu.ro\/ccsprise\/lact\/wp-json\/wp\/v2\/types\/post"}],"author":[{"embeddable":true,"href":"https:\/\/centers.ulbsibiu.ro\/ccsprise\/lact\/wp-json\/wp\/v2\/users\/2"}],"replies":[{"embeddable":true,"href":"https:\/\/centers.ulbsibiu.ro\/ccsprise\/lact\/wp-json\/wp\/v2\/comments?post=5489"}],"version-history":[{"count":1,"href":"https:\/\/centers.ulbsibiu.ro\/ccsprise\/lact\/wp-json\/wp\/v2\/posts\/5489\/revisions"}],"predecessor-version":[{"id":5490,"href":"https:\/\/centers.ulbsibiu.ro\/ccsprise\/lact\/wp-json\/wp\/v2\/posts\/5489\/revisions\/5490"}],"wp:attachment":[{"href":"https:\/\/centers.ulbsibiu.ro\/ccsprise\/lact\/wp-json\/wp\/v2\/media?parent=5489"}],"wp:term":[{"taxonomy":"category","embeddable":true,"href":"https:\/\/centers.ulbsibiu.ro\/ccsprise\/lact\/wp-json\/wp\/v2\/categories?post=5489"},{"taxonomy":"post_tag","embeddable":true,"href":"https:\/\/centers.ulbsibiu.ro\/ccsprise\/lact\/wp-json\/wp\/v2\/tags?post=5489"}],"curies":[{"name":"wp","href":"https:\/\/api.w.org\/{rel}","templated":true}]}}