{"id":5473,"date":"2018-10-11T19:33:27","date_gmt":"2018-10-11T17:33:27","guid":{"rendered":"https:\/\/centers.ulbsibiu.ro\/ccsprise\/lact\/?p=5473"},"modified":"2018-10-11T19:33:27","modified_gmt":"2018-10-11T17:33:27","slug":"gov-md-delegatia-republicii-moldova-in-comisia-unificata-de-control-are-un-nou-expert-3","status":"publish","type":"post","link":"https:\/\/centers.ulbsibiu.ro\/ccsprise\/lact\/gov-md-delegatia-republicii-moldova-in-comisia-unificata-de-control-are-un-nou-expert-3\/","title":{"rendered":"Gov.md &#8211; Delega\u021bia Republicii Moldova \u00een Comisia Unificat\u0103 de Control are un nou expert"},"content":{"rendered":"<p>La 11 octombrie a.c., \u00een or. Bender s-a \u00eentrunit Comisa Unificat\u0103 de Control (CUC) \u00eentr-o \u0219edin\u021b\u0103 prezidat\u0103 de conduc\u0103torul Delega\u021biei Republicii Moldova.<\/p>\n<p>La propunerea Chi\u0219in\u0103ului, CUC l-a aprobat \u00een calitate de expert pe comisarul-\u0219ef Liviu Baziuc, \u0219ef al Inspectoratului Na\u021bional de Patrulare al Inspectoratului General al Poli\u021biei al MAI al Republicii Moldova.<\/p>\n<p>Ulterior, Comisia a audiat raportul s\u0103pt\u0103m\u00e2nal al Comandamentului Militar \u00centrunit privind situa\u021bia din Zona de Securitate \u00een perioada 3-9 octombrie 2018.<\/p>\n<p>\u00cen cadrul dezbaterilor, Delega\u021bia Republicii Moldova s-a adresat tuturor componentelor CUC cu o declara\u021bie\u00a0<span style=\"display: inline !important; float: none; background-color: transparent; color: #3b3b3b; font-family: 'Trebuchet MS',Helvetica,sans-serif; font-size: 12.53px; font-size-adjust: none; font-stretch: 100%; font-style: normal; font-variant: normal; font-weight: 400; letter-spacing: normal; line-height: normal; orphans: 2; text-align: justify; text-decoration: none; text-indent: 0px; text-transform: none; -webkit-text-stroke-width: 0px; white-space: normal; word-spacing: 0px;\">(<\/span><a href=\"https:\/\/gov.md\/sites\/default\/files\/declaratie_cuc_muncitori_corjova_10.10.2018.pdf\" target=\"_blank\" rel=\"noopener\">se anexeaz\u0103<\/a><span style=\"display: inline !important; float: none; background-color: transparent; color: #3b3b3b; font-family: 'Trebuchet MS',Helvetica,sans-serif; font-size: 12.53px; font-size-adjust: none; font-stretch: 100%; font-style: normal; font-variant: normal; font-weight: 400; letter-spacing: normal; line-height: normal; orphans: 2; text-align: justify; text-decoration: none; text-indent: 0px; text-transform: none; -webkit-text-stroke-width: 0px; white-space: normal; word-spacing: 0px;\">)<\/span> cu privire la un nou caz de \u00eenc\u0103lcare de c\u0103tre stru\u0441turile de for\u021b\u0103 transnistrene a drepturilor \u0219i libert\u0103\u021bilor cet\u0103\u021benilor \u00een Zona de Securitate. Declara\u021bia se refer\u0103 la cazul din 3 octombrie a.c., c\u00e2nd au fost\u00a0 re\u021binu\u021bi muncitorii SRL \u201dContava Com\u201d, care efectuau lucr\u0103ri \u00een s. Corjova r-l Dub\u0103sari, \u00een cadrul unui proiect social de amenajare \u00a0a acestei localit\u0103\u021bi.<\/p>\n<p>\u00cen contextul incidentului men\u021bionat supra, Delega\u021bia Republicii Moldova a intervenit repetat cu propunerea de a elabora \u00een comun un nou mecanism de activitate a Comandamentului Militar \u00centrunit, care s\u0103 asigure reac\u021bionarea operativ\u0103 a observatorilor \u0219i comandamentelor militare din cadrul Misiunii de pacificare \u00een cazul ac\u021biunilor nelegitime desf\u0103\u0219urate \u00een Zona de Securitate de c\u0103tre structurile de for\u021b\u0103 \u0219i forma\u021biunile paramilitare neatribuite For\u021belor de Men\u021binere a P\u0103cii.<\/p>\n<p>Urm\u0103toarea \u0219edin\u021b\u0103 \u00a0a CUC va avea loc pe 18 octombrie 2018.<\/p>\n<p>&nbsp;<\/p>\n<p><strong>Delega\u021bia Republicii Moldova\u00a0<\/strong><strong>\u00een Comisia Unificat\u0103 de Control<\/strong><\/p>\n<p>&nbsp;<\/p>\n<p>Sursa:\u00a0<a href=\"https:\/\/gov.md\/ro\/content\/delegatia-republicii-moldova-comisia-unificata-de-control-are-un-nou-expert-1\">https:\/\/gov.md\/<\/a><\/p>\n","protected":false},"excerpt":{"rendered":"<p>La 11 octombrie a.c., \u00een or. Bender s-a \u00eentrunit Comisa Unificat\u0103 de Control (CUC) \u00eentr-o \u0219edin\u021b\u0103 prezidat\u0103 de conduc\u0103torul Delega\u021biei Republicii Moldova. La propunerea Chi\u0219in\u0103ului, CUC l-a aprobat \u00een calitate de expert pe comisarul-\u0219ef Liviu Baziuc, \u0219ef al Inspectoratului Na\u021bional de Patrulare al Inspectoratului General al Poli\u021biei al MAI al Republicii Moldova. Ulterior, Comisia a&#8230;<\/p>\n","protected":false},"author":2,"featured_media":0,"comment_status":"closed","ping_status":"open","sticky":false,"template":"","format":"standard","meta":[],"categories":[1],"tags":[],"_links":{"self":[{"href":"https:\/\/centers.ulbsibiu.ro\/ccsprise\/lact\/wp-json\/wp\/v2\/posts\/5473"}],"collection":[{"href":"https:\/\/centers.ulbsibiu.ro\/ccsprise\/lact\/wp-json\/wp\/v2\/posts"}],"about":[{"href":"https:\/\/centers.ulbsibiu.ro\/ccsprise\/lact\/wp-json\/wp\/v2\/types\/post"}],"author":[{"embeddable":true,"href":"https:\/\/centers.ulbsibiu.ro\/ccsprise\/lact\/wp-json\/wp\/v2\/users\/2"}],"replies":[{"embeddable":true,"href":"https:\/\/centers.ulbsibiu.ro\/ccsprise\/lact\/wp-json\/wp\/v2\/comments?post=5473"}],"version-history":[{"count":1,"href":"https:\/\/centers.ulbsibiu.ro\/ccsprise\/lact\/wp-json\/wp\/v2\/posts\/5473\/revisions"}],"predecessor-version":[{"id":5474,"href":"https:\/\/centers.ulbsibiu.ro\/ccsprise\/lact\/wp-json\/wp\/v2\/posts\/5473\/revisions\/5474"}],"wp:attachment":[{"href":"https:\/\/centers.ulbsibiu.ro\/ccsprise\/lact\/wp-json\/wp\/v2\/media?parent=5473"}],"wp:term":[{"taxonomy":"category","embeddable":true,"href":"https:\/\/centers.ulbsibiu.ro\/ccsprise\/lact\/wp-json\/wp\/v2\/categories?post=5473"},{"taxonomy":"post_tag","embeddable":true,"href":"https:\/\/centers.ulbsibiu.ro\/ccsprise\/lact\/wp-json\/wp\/v2\/tags?post=5473"}],"curies":[{"name":"wp","href":"https:\/\/api.w.org\/{rel}","templated":true}]}}