{"id":5471,"date":"2018-10-11T17:17:16","date_gmt":"2018-10-11T15:17:16","guid":{"rendered":"https:\/\/centers.ulbsibiu.ro\/ccsprise\/lact\/?p=5471"},"modified":"2018-10-11T17:17:16","modified_gmt":"2018-10-11T15:17:16","slug":"mae-ro-intrevederea-ministrului-afacerilor-externe-teodor-melescanu-cu-franco-frattini-reprezentant-special-al-presedintiei-in-exercitiu-a-osce-pie-osce-pentru-procesul-de-reglementare-transnistr","status":"publish","type":"post","link":"https:\/\/centers.ulbsibiu.ro\/ccsprise\/lact\/mae-ro-intrevederea-ministrului-afacerilor-externe-teodor-melescanu-cu-franco-frattini-reprezentant-special-al-presedintiei-in-exercitiu-a-osce-pie-osce-pentru-procesul-de-reglementare-transnistr\/","title":{"rendered":"Mae.ro &#8211; \u00centrevederea ministrului afacerilor externe Teodor Mele\u0219canu cu Franco Frattini, Reprezentant special al Pre\u0219edin\u021biei \u00een exerci\u021biu a OSCE (PiE OSCE) pentru procesul de reglementare transnistrean\u0103"},"content":{"rendered":"<p>Ministrul afacerilor externe, Teodor Mele\u0219canu, a avut, la 10 octombrie 2018, o \u00eentrevedere cu Franco Frattini, Reprezentant Special al Pre\u0219edin\u021biei \u00een exerci\u021biu a OSCE (PiE OSCE) pentru procesul de reglementare transnistrean\u0103, \u00eenso\u021bit de noul \u0219ef al Misiunii OSCE \u00een Republica Moldova, Claus Neukirch. Aceast\u0103 \u00eentrevedere a avut loc \u00een continuarea dialogului recent pe tem\u0103 cu viceprim-ministrul pentru reintegrare al Republicii Moldova, Cristina Lesnic.<\/p>\n<p>Cu acest prilej, ministrul rom\u00e2n al afacerilor externe a ar\u0103tat c\u0103 reglementarea conflictului din regiunea transnistrean\u0103 a Republicii Moldova reprezint\u0103 o prioritate pentru Rom\u00e2nia. Ministrul Teodor Mele\u0219canu a reiterat c\u0103 Rom\u00e2nia sus\u021bine o reglementare cuprinz\u0103toare, pa\u0219nic\u0103 \u0219i durabil\u0103 a conflictului transnistrean, cu respectarea suveranit\u0103\u021bii \u0219i integrit\u0103\u021bii teritoriale a Republicii Moldova. De asemenea, \u0219eful diploma\u021biei rom\u00e2ne a evocat rolul Misiunii OSCE \u00een Republica Moldova \u00een eforturile de reglementare a conflictului \u0219i a subliniat sprijinul Rom\u00e2niei pentru formatul de negociere \u201d5+2\u201d, precum \u0219i pentru mandatul Reprezentantului Special al Pre\u0219edin\u021biei \u00een exerci\u021biu a OSCE (PiE OSCE), \u00eencuraj\u00e2nd o abordare echilibrat\u0103.<\/p>\n<p>Ministrul afacerilor externe s-a referit la \u00een\u021belegerile recente, \u00een cadrul a\u0219a-zisului \u201dPachet Berlin Plus\u201d, \u0219i a subliniat c\u0103 Rom\u00e2nia va continua s\u0103 acorde o aten\u021bie special\u0103 monitoriz\u0103rii implement\u0103rii angajamentelor legate de situa\u021bia \u0219colilor cu predare \u00een grafia latin\u0103 din regiunea transnistrean\u0103. De asemenea, s-a discutat \u0219i despre chestiunea retragerii for\u021belor militare str\u0103ine aflate pe teritoriul Republicii Moldova f\u0103r\u0103 consim\u021b\u0103m\u00e2ntul statului-gazd\u0103.<\/p>\n<p>\u00cen contextul vizitei la Bucure\u0219ti, Reprezentantul Special al PiE OSCE Franco Frattini a avut o rund\u0103 de consult\u0103ri cu secretarul de stat Dan Necul\u0103escu, \u00een cadrul c\u0103reia s-au evaluat principalele m\u0103suri de cre\u0219tere a \u00eencrederii convenite \u00een ultima perioad\u0103.<\/p>\n<p>Sursa:\u00a0<a href=\"http:\/\/mae.ro\/node\/47133\">http:\/\/mae.ro\/<\/a><\/p>\n","protected":false},"excerpt":{"rendered":"<p>Ministrul afacerilor externe, Teodor Mele\u0219canu, a avut, la 10 octombrie 2018, o \u00eentrevedere cu Franco Frattini, Reprezentant Special al Pre\u0219edin\u021biei \u00een exerci\u021biu a OSCE (PiE OSCE) pentru procesul de reglementare transnistrean\u0103, \u00eenso\u021bit de noul \u0219ef al Misiunii OSCE \u00een Republica Moldova, Claus Neukirch. Aceast\u0103 \u00eentrevedere a avut loc \u00een continuarea dialogului recent pe tem\u0103 cu&#8230;<\/p>\n","protected":false},"author":2,"featured_media":0,"comment_status":"closed","ping_status":"open","sticky":false,"template":"","format":"standard","meta":[],"categories":[1],"tags":[],"_links":{"self":[{"href":"https:\/\/centers.ulbsibiu.ro\/ccsprise\/lact\/wp-json\/wp\/v2\/posts\/5471"}],"collection":[{"href":"https:\/\/centers.ulbsibiu.ro\/ccsprise\/lact\/wp-json\/wp\/v2\/posts"}],"about":[{"href":"https:\/\/centers.ulbsibiu.ro\/ccsprise\/lact\/wp-json\/wp\/v2\/types\/post"}],"author":[{"embeddable":true,"href":"https:\/\/centers.ulbsibiu.ro\/ccsprise\/lact\/wp-json\/wp\/v2\/users\/2"}],"replies":[{"embeddable":true,"href":"https:\/\/centers.ulbsibiu.ro\/ccsprise\/lact\/wp-json\/wp\/v2\/comments?post=5471"}],"version-history":[{"count":1,"href":"https:\/\/centers.ulbsibiu.ro\/ccsprise\/lact\/wp-json\/wp\/v2\/posts\/5471\/revisions"}],"predecessor-version":[{"id":5472,"href":"https:\/\/centers.ulbsibiu.ro\/ccsprise\/lact\/wp-json\/wp\/v2\/posts\/5471\/revisions\/5472"}],"wp:attachment":[{"href":"https:\/\/centers.ulbsibiu.ro\/ccsprise\/lact\/wp-json\/wp\/v2\/media?parent=5471"}],"wp:term":[{"taxonomy":"category","embeddable":true,"href":"https:\/\/centers.ulbsibiu.ro\/ccsprise\/lact\/wp-json\/wp\/v2\/categories?post=5471"},{"taxonomy":"post_tag","embeddable":true,"href":"https:\/\/centers.ulbsibiu.ro\/ccsprise\/lact\/wp-json\/wp\/v2\/tags?post=5471"}],"curies":[{"name":"wp","href":"https:\/\/api.w.org\/{rel}","templated":true}]}}