{"id":5469,"date":"2018-10-11T17:15:09","date_gmt":"2018-10-11T15:15:09","guid":{"rendered":"https:\/\/centers.ulbsibiu.ro\/ccsprise\/lact\/?p=5469"},"modified":"2018-10-11T17:15:09","modified_gmt":"2018-10-11T15:15:09","slug":"infotag-md-in-transnistria-a-inceput-cea-de-a-sasea-editie-a-forumului-economic-investitional-international","status":"publish","type":"post","link":"https:\/\/centers.ulbsibiu.ro\/ccsprise\/lact\/infotag-md-in-transnistria-a-inceput-cea-de-a-sasea-editie-a-forumului-economic-investitional-international\/","title":{"rendered":"Infotag.md &#8211; \u00ceN TRANSNISTRIA A \u00ceNCEPUT CEA DE-A \u015eASEA EDI\u0162IE A FORUMULUI ECONOMIC INVESTI\u0162IONAL INTERNA\u0162IONAL"},"content":{"rendered":"<p>Joi, la Tiraspol \u015fi-a \u00eenceput lucr\u0103rile cea de-a \u015fasea edi\u0163ie a Forumului economic investi\u0163ional interna\u0163ional din Transnistria.<\/p>\n<p>Potrivit agen\u0163iei INFOTAG cu referire la site-ul oficial al forumului, la eveniment particip\u0103 peste 600 de oaspe\u0163i din 15 \u021b\u0103ri, inclusiv din India, China, Italia, Polonia, Rom\u00e2nia, Austria, Germania, Marea Britanie, Estonia, Rusia, Ucraina.<\/p>\n<p>Printre participan\u021bi se num\u0103r\u0103 reprezentan\u021bi ai Camerei de Comer\u021b \u0219i Industrie a Federa\u021biei Ruse, ai Consiliului pentru Dezvoltarea Comer\u021bului Exterior \u0219i Rela\u021biilor Economice Interna\u021bionale, Agen\u021biei pentru Cooperare Economic\u0103 Est-Vest (Germania), ai companiei germane de consultan\u021b\u0103 \u201eBerlin Economics\u201d, ai companiei de exper\u0163i \u201eSomanex\u201d, ai Institutului pentru cre\u0219tere economic\u0103 \u0219i forme juridice (IGROW, SUA), ai Agen\u021bia pentru Cooperare Interna\u021bional\u0103 din Germania (GIZ), ai Asocia\u021biei Blockchain, BitcoinBazis (China).<\/p>\n<p>Tema principal\u0103 a forumului va fi atragerea investi\u021biilor. Guvernul regiunii are deja la examinare 18 proiecte de investi\u021bii, \u00een special \u00een domeniul agriculturii, industriei alimentare \u0219i chimice, \u00een farmaceutic\u0103. Dou\u0103 proiecte sunt planificate a fi semnate \u00een timpul evenimentului.<\/p>\n<p>Programul primei zile a forumului a fost deschis printr-un mic dejun de afaceri cu pre\u0219edintele guvernului transnistrean, Alexandr Mart\u00eenov, \u00een cadrul c\u0103ruia se planific\u0103 s\u0103 se discute \u00eentr-o atmosfer\u0103 informal\u0103 \u201ecum se desf\u0103\u015foar\u0103 dialogul \u00eentre stat \u015fi business, ce \u00eempiedic\u0103 atingerea unui echilibru \u00een interesele celor doua p\u0103r\u0163i \u015fi cu poate deveni \u015fi mai favorabil climatul de afaceri \u00een Transnistria\u201d.<\/p>\n<p>Premierul transnistrean a spus c\u0103 \u201eto\u021bi pa\u0219ii \u00eentreprin\u0219i \u00een acest an \u0219i \u00een anul trecut \u00een \u00eent\u00e2mpinarea businessului arat\u0103 c\u0103 Transnistria este un partener deschis \u0219i de \u00eencredere pentru investitori\u201d.<\/p>\n<p>\u201eAst\u0103zi putem vorbi despre stabilitatea garan\u021biilor oferite de stat, despre disponibilitatea autorit\u0103\u021bilor de a discuta cu oamenii de afaceri orice probleme, despre parteneriatul dintre business \u0219i autorit\u0103\u0163i\u201d, a subliniat el.<\/p>\n<p>Participan\u021bii vor vorbi despre condi\u021biile create \u00een regiune pentru a atrage poten\u021bialii investitori \u0219i ce m\u0103suri de sus\u0163inere sunt planificate pentru \u00eentreprinderile existente care investesc \u00een modernizarea \u0219i redotarea tehnic\u0103 a unit\u0103\u0163ilor de producere, precum \u0219i ce s\u0103 a\u0219tepte investitorii \u0219i businessul de la politica fiscal\u0103 planificat\u0103.<\/p>\n<p>Sursa:\u00a0<a href=\"http:\/\/www.infotag.md\/rebelion-ro\/267899\/\">http:\/\/www.infotag.md\/<\/a><\/p>\n","protected":false},"excerpt":{"rendered":"<p>Joi, la Tiraspol \u015fi-a \u00eenceput lucr\u0103rile cea de-a \u015fasea edi\u0163ie a Forumului economic investi\u0163ional interna\u0163ional din Transnistria. Potrivit agen\u0163iei INFOTAG cu referire la site-ul oficial al forumului, la eveniment particip\u0103 peste 600 de oaspe\u0163i din 15 \u021b\u0103ri, inclusiv din India, China, Italia, Polonia, Rom\u00e2nia, Austria, Germania, Marea Britanie, Estonia, Rusia, Ucraina. Printre participan\u021bi se num\u0103r\u0103&#8230;<\/p>\n","protected":false},"author":2,"featured_media":0,"comment_status":"closed","ping_status":"open","sticky":false,"template":"","format":"standard","meta":[],"categories":[1],"tags":[],"_links":{"self":[{"href":"https:\/\/centers.ulbsibiu.ro\/ccsprise\/lact\/wp-json\/wp\/v2\/posts\/5469"}],"collection":[{"href":"https:\/\/centers.ulbsibiu.ro\/ccsprise\/lact\/wp-json\/wp\/v2\/posts"}],"about":[{"href":"https:\/\/centers.ulbsibiu.ro\/ccsprise\/lact\/wp-json\/wp\/v2\/types\/post"}],"author":[{"embeddable":true,"href":"https:\/\/centers.ulbsibiu.ro\/ccsprise\/lact\/wp-json\/wp\/v2\/users\/2"}],"replies":[{"embeddable":true,"href":"https:\/\/centers.ulbsibiu.ro\/ccsprise\/lact\/wp-json\/wp\/v2\/comments?post=5469"}],"version-history":[{"count":1,"href":"https:\/\/centers.ulbsibiu.ro\/ccsprise\/lact\/wp-json\/wp\/v2\/posts\/5469\/revisions"}],"predecessor-version":[{"id":5470,"href":"https:\/\/centers.ulbsibiu.ro\/ccsprise\/lact\/wp-json\/wp\/v2\/posts\/5469\/revisions\/5470"}],"wp:attachment":[{"href":"https:\/\/centers.ulbsibiu.ro\/ccsprise\/lact\/wp-json\/wp\/v2\/media?parent=5469"}],"wp:term":[{"taxonomy":"category","embeddable":true,"href":"https:\/\/centers.ulbsibiu.ro\/ccsprise\/lact\/wp-json\/wp\/v2\/categories?post=5469"},{"taxonomy":"post_tag","embeddable":true,"href":"https:\/\/centers.ulbsibiu.ro\/ccsprise\/lact\/wp-json\/wp\/v2\/tags?post=5469"}],"curies":[{"name":"wp","href":"https:\/\/api.w.org\/{rel}","templated":true}]}}