{"id":5467,"date":"2018-10-11T17:12:36","date_gmt":"2018-10-11T15:12:36","guid":{"rendered":"https:\/\/centers.ulbsibiu.ro\/ccsprise\/lact\/?p=5467"},"modified":"2018-10-11T17:12:36","modified_gmt":"2018-10-11T15:12:36","slug":"gov-md-cristina-lesnic-dreptul-la-educatie-in-scolile-cu-predare-in-limba-romana-fara-bariere","status":"publish","type":"post","link":"https:\/\/centers.ulbsibiu.ro\/ccsprise\/lact\/gov-md-cristina-lesnic-dreptul-la-educatie-in-scolile-cu-predare-in-limba-romana-fara-bariere\/","title":{"rendered":"Gov.md &#8211; Cristina Lesnic: Dreptul la educa\u021bie \u00een \u0219colile cu predare \u00een limba rom\u00e2n\u0103 f\u0103r\u0103 bariere"},"content":{"rendered":"<p>Viceprim-ministrul Cristina Lesnic s-a \u00eent\u00e2lnit ast\u0103zi \u00een cadrul unei \u0219edin\u021be de lucru cu directorii \u0219colilor cu predare \u00een limba rom\u00e2n\u0103 din regiunea transnistrean\u0103 <em>(particip\u00e2nd: <\/em><em>Liceul Teoretic \u201eAlexandru cel Bun\u201d \u0219i Gimnaziul pentru copii orfani din or. Bender, Liceul Teoretic \u201eLucian Blaga\u201d din or. Tiraspol, Liceul Teoretic \u201eEvrica\u201d din or. R\u00e2bni\u021ba, Liceul Teoretic \u201e\u0218tefan cel Mare\u201d, or. Grigoriopol, Liceul Teoretic \u201eMihai Eminescu\u201d, or. Dub\u0103sari, Gimnaziile din s. Corjova \u0219i Roghi).<\/em><\/p>\n<p>Printre subiectele importante care au fost abordate \u00een cadrul discu\u021biei se num\u0103r\u0103: libera circula\u021bie, cheltuielile suportate pentru serviciile comunale, situa\u021bia terenurilor adiacente cl\u0103dirilor \u0219colilor, etc.<\/p>\n<p>De comun a fost analizat gradul de implementare a Deciziei protocolare semnate la 25 noiembrie 2017.<\/p>\n<p>Vicepremierul a reiterat pozi\u021bia ferm\u0103 a Chi\u0219in\u0103ului de a se impune pentru asigurarea liberei circula\u021bii a elevilor, p\u0103rin\u021bilor acestora \u0219i a profesorilor din institu\u021biile de \u00eenv\u0103\u021b\u0103m\u00e2nt vizate. Totodat\u0103, \u0219i-a expus fermitatea c\u0103, subiectul \u201eeduca\u021biei\u201d din \u0219colile cu predare \u00een limba rom\u00e2n\u0103 din regiunea transnistrean\u0103 va fi unul principial, p\u00e2n\u0103 la solu\u021bionarea pozitiv\u0103 a subiectului dat.<\/p>\n<p>Cristina Lesnic a mul\u021bumit repetat celor prezen\u021bi pentru implicarea activ\u0103 la campania lansat\u0103 de c\u0103tre Biroul politici de reintegrare, cu genericul ,,Reintegrarea \u021b\u0103rii \u00een imaginile copiilor \u0219i tineretului<em>\u201d<\/em>, care a provocat un impact emo\u021bional pozitiv \u00een r\u00e2ndul vizitatorilor, dar \u0219i pentru eforturile zilnice depuse \u00een educarea elevilor din Republica Moldova.<\/p>\n<p>\u00cen concluzie, Viceprim-ministrul pentru reintegrare a citat spusele lui Aristotel: \u201e<em>Cei care educ\u0103 copiii sunt demni de mai mult\u0103 onoare dec\u00e2t cei care le dau via\u021b\u0103, de aceea pe l\u00e2ng\u0103 via\u021b\u0103, d\u0103rui\u021bi copiilor \u0219i arta de a tr\u0103i bine, educ\u00e2ndu-i<\/em>\u201d.<\/p>\n<p>Sursa:\u00a0<a href=\"https:\/\/gov.md\/ro\/content\/cristina-lesnic-dreptul-la-educatie-scolile-cu-predare-limba-romana-fara-bariere\">https:\/\/gov.md\/<\/a><\/p>\n","protected":false},"excerpt":{"rendered":"<p>Viceprim-ministrul Cristina Lesnic s-a \u00eent\u00e2lnit ast\u0103zi \u00een cadrul unei \u0219edin\u021be de lucru cu directorii \u0219colilor cu predare \u00een limba rom\u00e2n\u0103 din regiunea transnistrean\u0103 (particip\u00e2nd: Liceul Teoretic \u201eAlexandru cel Bun\u201d \u0219i Gimnaziul pentru copii orfani din or. Bender, Liceul Teoretic \u201eLucian Blaga\u201d din or. Tiraspol, Liceul Teoretic \u201eEvrica\u201d din or. R\u00e2bni\u021ba, Liceul Teoretic \u201e\u0218tefan cel Mare\u201d,&#8230;<\/p>\n","protected":false},"author":2,"featured_media":0,"comment_status":"closed","ping_status":"open","sticky":false,"template":"","format":"standard","meta":[],"categories":[1],"tags":[],"_links":{"self":[{"href":"https:\/\/centers.ulbsibiu.ro\/ccsprise\/lact\/wp-json\/wp\/v2\/posts\/5467"}],"collection":[{"href":"https:\/\/centers.ulbsibiu.ro\/ccsprise\/lact\/wp-json\/wp\/v2\/posts"}],"about":[{"href":"https:\/\/centers.ulbsibiu.ro\/ccsprise\/lact\/wp-json\/wp\/v2\/types\/post"}],"author":[{"embeddable":true,"href":"https:\/\/centers.ulbsibiu.ro\/ccsprise\/lact\/wp-json\/wp\/v2\/users\/2"}],"replies":[{"embeddable":true,"href":"https:\/\/centers.ulbsibiu.ro\/ccsprise\/lact\/wp-json\/wp\/v2\/comments?post=5467"}],"version-history":[{"count":1,"href":"https:\/\/centers.ulbsibiu.ro\/ccsprise\/lact\/wp-json\/wp\/v2\/posts\/5467\/revisions"}],"predecessor-version":[{"id":5468,"href":"https:\/\/centers.ulbsibiu.ro\/ccsprise\/lact\/wp-json\/wp\/v2\/posts\/5467\/revisions\/5468"}],"wp:attachment":[{"href":"https:\/\/centers.ulbsibiu.ro\/ccsprise\/lact\/wp-json\/wp\/v2\/media?parent=5467"}],"wp:term":[{"taxonomy":"category","embeddable":true,"href":"https:\/\/centers.ulbsibiu.ro\/ccsprise\/lact\/wp-json\/wp\/v2\/categories?post=5467"},{"taxonomy":"post_tag","embeddable":true,"href":"https:\/\/centers.ulbsibiu.ro\/ccsprise\/lact\/wp-json\/wp\/v2\/tags?post=5467"}],"curies":[{"name":"wp","href":"https:\/\/api.w.org\/{rel}","templated":true}]}}