{"id":5455,"date":"2018-10-09T19:11:14","date_gmt":"2018-10-09T17:11:14","guid":{"rendered":"https:\/\/centers.ulbsibiu.ro\/ccsprise\/lact\/?p=5455"},"modified":"2018-10-09T19:11:14","modified_gmt":"2018-10-09T17:11:14","slug":"deschide-md-directorul-sbu-in-2015-omuletii-verzi-din-transnistria-aveau-misiuni-separatiste-in-odesa","status":"publish","type":"post","link":"https:\/\/centers.ulbsibiu.ro\/ccsprise\/lact\/deschide-md-directorul-sbu-in-2015-omuletii-verzi-din-transnistria-aveau-misiuni-separatiste-in-odesa\/","title":{"rendered":"Deschide.md &#8211; Directorul SBU: \u00cen 2015, \u201eomule\u021bii verzi\u201d din Transnistria aveau misiuni separatiste \u00een Odesa"},"content":{"rendered":"<p>Directorul Serviciului Ucrainean de Securitate (SBU), Vasili Gri\u021bak, a declarat c\u0103 \u00een anul 2015 se planifica separarea sudului regiunii Odesa, iar \u00een aceast\u0103 opera\u021biune trebuiau s\u0103 participe \u201eomule\u021bii verzi\u201d din Transnistria.<\/p>\n<p>Potrivit directorului SBU, \u00een regiunea Odesa trebuia s\u0103 fie constituit\u0103 \u201eAdunarea popular\u0103 a Basarabiei\u201d, ce urma s\u0103 fie condus\u0103 de c\u0103tre un deputat al Radei Supreme de la Kiev, noteaz\u0103 lb.ua.<\/p>\n<p>Gri\u021bak a men\u021bionat c\u0103 SBU de\u021bine informa\u021bii potrivit c\u0103rora, \u00een luna aprilie 2015, trebuia s\u0103 ie proclamat\u0103 \u201eRepublica popular\u0103 Basarabia\u201d \u0219i s\u0103 fie detonate podul peste Nistru \u0219i limanul Nistrului: astfel sudul Basarabiei ar fi fost separat de restul Ucrainei.<\/p>\n<p>\u201eDup\u0103 detonarea celor dou\u0103 poduri, din Transnistria ar fi trebuit s\u0103 vin\u0103 \u201eomule\u021bii verzi\u201d \u015fi ar fi \u00eenceput ofensiva \u201elumii ruse\u201d asupra Moldovei \u0219i a Rom\u00e2niei. Din fericire, am putut z\u0103d\u0103rnici aceste planuri\u201d, a subliniat Gri\u021bak.<\/p>\n<p>\u00cen anul 2015, SBU a f\u0103cut mai multe perchezi\u021bii \u0219i a re\u021binut \u00een jur de 20 de persoane care inten\u021bionau s\u0103 creeze o mi\u0219care separatist\u0103 \u00een regiunea Odesa. Opera\u021biunea separatist\u0103 din regiunea Odesa ar fi fost supravegheat\u0103 de consilierul lui Putin, Vladislav Surkov, responsabil de regiunile separatiste din fosta URSS.<\/p>\n<p>Textul complet:\u00a0<a href=\"https:\/\/deschide.md\/ro\/stiri\/externe\/37765\/VIDEO-Directorul-SBU-\u00cen-2015-\u201eomule\u021bii-verzi\u201d-din-Transnistria-aveau-misiuni-separatiste-\u00een-Odesa.htm\">https:\/\/deschide.md\/<\/a><\/p>\n","protected":false},"excerpt":{"rendered":"<p>Directorul Serviciului Ucrainean de Securitate (SBU), Vasili Gri\u021bak, a declarat c\u0103 \u00een anul 2015 se planifica separarea sudului regiunii Odesa, iar \u00een aceast\u0103 opera\u021biune trebuiau s\u0103 participe \u201eomule\u021bii verzi\u201d din Transnistria. Potrivit directorului SBU, \u00een regiunea Odesa trebuia s\u0103 fie constituit\u0103 \u201eAdunarea popular\u0103 a Basarabiei\u201d, ce urma s\u0103 fie condus\u0103 de c\u0103tre un deputat al&#8230;<\/p>\n","protected":false},"author":2,"featured_media":0,"comment_status":"closed","ping_status":"open","sticky":false,"template":"","format":"standard","meta":[],"categories":[1],"tags":[],"_links":{"self":[{"href":"https:\/\/centers.ulbsibiu.ro\/ccsprise\/lact\/wp-json\/wp\/v2\/posts\/5455"}],"collection":[{"href":"https:\/\/centers.ulbsibiu.ro\/ccsprise\/lact\/wp-json\/wp\/v2\/posts"}],"about":[{"href":"https:\/\/centers.ulbsibiu.ro\/ccsprise\/lact\/wp-json\/wp\/v2\/types\/post"}],"author":[{"embeddable":true,"href":"https:\/\/centers.ulbsibiu.ro\/ccsprise\/lact\/wp-json\/wp\/v2\/users\/2"}],"replies":[{"embeddable":true,"href":"https:\/\/centers.ulbsibiu.ro\/ccsprise\/lact\/wp-json\/wp\/v2\/comments?post=5455"}],"version-history":[{"count":1,"href":"https:\/\/centers.ulbsibiu.ro\/ccsprise\/lact\/wp-json\/wp\/v2\/posts\/5455\/revisions"}],"predecessor-version":[{"id":5456,"href":"https:\/\/centers.ulbsibiu.ro\/ccsprise\/lact\/wp-json\/wp\/v2\/posts\/5455\/revisions\/5456"}],"wp:attachment":[{"href":"https:\/\/centers.ulbsibiu.ro\/ccsprise\/lact\/wp-json\/wp\/v2\/media?parent=5455"}],"wp:term":[{"taxonomy":"category","embeddable":true,"href":"https:\/\/centers.ulbsibiu.ro\/ccsprise\/lact\/wp-json\/wp\/v2\/categories?post=5455"},{"taxonomy":"post_tag","embeddable":true,"href":"https:\/\/centers.ulbsibiu.ro\/ccsprise\/lact\/wp-json\/wp\/v2\/tags?post=5455"}],"curies":[{"name":"wp","href":"https:\/\/api.w.org\/{rel}","templated":true}]}}