{"id":5453,"date":"2018-10-08T20:20:17","date_gmt":"2018-10-08T18:20:17","guid":{"rendered":"https:\/\/centers.ulbsibiu.ro\/ccsprise\/lact\/?p=5453"},"modified":"2018-10-08T20:20:17","modified_gmt":"2018-10-08T18:20:17","slug":"infotag-md-secretarul-de-stat-al-mae-al-rusiei-considera-ca-trebuie-evitata-aparitia-unor-noi-factori-iritanti-intre-chisinau-si-tiraspol","status":"publish","type":"post","link":"https:\/\/centers.ulbsibiu.ro\/ccsprise\/lact\/infotag-md-secretarul-de-stat-al-mae-al-rusiei-considera-ca-trebuie-evitata-aparitia-unor-noi-factori-iritanti-intre-chisinau-si-tiraspol\/","title":{"rendered":"Infotag.md &#8211; SECRETARUL DE STAT AL MAE AL RUSIEI CONSIDER\u0102 C\u0102 TREBUIE EVITAT\u0102 APARI\u0162IA UNOR NOI FACTORI IRITAN\u0162I \u00ceNTRE CHI\u015eIN\u0102U \u015eI TIRASPOL"},"content":{"rendered":"<p>Secretarul de stat, viceministrul Afacerilor Externe al Rusiei, Grigorii Karasin, consider\u0103 c\u0103 \u201etrebuie evitat\u0103 apari\u0163ia unor noi factori iritan\u0163i \u00eentre Chi\u015fin\u0103u \u015fi Tiraspol \u00een procesul de reglementare transnistrean\u0103\u201d.<\/p>\n<p>Potrivit agen\u0163iei INFOTAG, \u00eentr-un interviu pentru ziarul \u201eIzvestia\u201d, el a men\u0163ionat c\u0103 \u201e\u00een acest an, \u00een procesul de reglementare transnistrean\u0103 au fost atinse anumite evolu\u021bii pozitive; exist\u0103 semne de \u00eembun\u0103t\u0103\u0163ire \u00een dialogul dintre cele dou\u0103 maluri ale Nistrului\u201d. \u00cen opinia sa, despre aceasta arat\u0103 \u015fi cea de-a patra \u00eent\u00e2lnire personal\u0103 a Pre\u0219edintelui Republicii Moldova, Igor Dodon, la 6 septembrie, cu \u0219eful Transnistriei, Vadim Krasnoselski.<\/p>\n<p>\u201eSalut\u0103m \u00eendeplinirea acordurilor pe marginea unui \u015fir de aspecte de cooperare practic\u0103 \u00eentre cele dou\u0103 maluri ale Nistrului\u201d, a spus diplomatul.<\/p>\n<p>El a subliniat c\u0103, \u201ecu ajutorul activ al Rusiei \u0219i al altor mediatori interna\u021bionali, s-au g\u0103sit compromisuri \u00een probleme at\u00e2t de importante pentru via\u021ba de zi cu zi a oamenilor, cum ar fi apostilarea documentelor transnistrene de studii superioare, utilizarea ra\u0163ional\u0103 de c\u0103tre fermierii moldoveni a terenurilor agricole din raionul Dub\u0103sari din Transnistria \u0219i func\u0163ionarea \u0219colilor moldovene\u0219ti cu predare \u00een grafie latin\u0103 din st\u00e2nga Nistrului.<\/p>\n<p>\u201eReuniunea formatului \u201e5+2\u201d de la Roma, desf\u0103\u0219urat\u0103 \u00een perioada 29-30 mai curent, a pus \u00eenceputul implement\u0103rii unui alt acord la care au ajuns Chi\u0219in\u0103ul \u0219i Tiraspolul privind instituirea pl\u0103cu\u021belor de \u00eenmatriculare neutre pentru transportul auto din regiunea transnistrean\u0103 pentru a putea circula \u00een afara regiunii. La 1 septembrie, \u00een Transnistria, \u0219i-au \u00eenceput activitatea dou\u0103 centre de perfectare \u00een acest sens. Acum important este s\u0103 asigur\u0103m implementarea acestor hot\u0103r\u00e2ri\u201d, a spus Karasin.<\/p>\n<p>Potrivit lui, \u201e\u00een acela\u0219i timp, trebuie evitat\u0103 apari\u021bia unor noi factori iritan\u021bi \u00een rela\u021biile dintre Chi\u0219in\u0103u \u0219i Tiraspol\u201d.<\/p>\n<p>\u201eTransnistria este \u00eengrijorat\u0103 de perspectiva organiz\u0103rii controlului vamal moldo-ucrainean la frontiera regiunii cu Ucraina: potrivit Tiraspolului, daunele economice ale regiunii ar putea fi zeci de milioane de dolari anual\u201d, a spus el.<\/p>\n<p>Diplomatul rus consider\u0103 c\u0103 parametrii viitorului comun al p\u0103r\u0163ilor ar trebui c\u0103uta\u0163i de c\u0103tre Chi\u0219in\u0103u \u0219i Tiraspol\u201d.<\/p>\n<p>\u201eDeterminarea statutului politic al Transnistriei ar trebui s\u0103 fie un derivat al muncii pe termen lung pentru a restabili \u00eencrederea \u00eentre malurile Nistrului, o \u021bes\u0103tur\u0103 rupt\u0103 de interac\u021biune \u00een rezolvarea problemelor de interac\u021biune practic\u0103. Dar p\u00e2n\u0103 atunci, mai este\u201d, a spus Karasin.<\/p>\n<p>Coment\u00e2nd \u201etentativele de a limita utilizarea limbii ruse \u00een unele \u021b\u0103ri postsovietice\u201c, diplomatul a men\u021bionat c\u0103 \u201e\u00een unele state din spa\u0163iul postsovietic exist\u0103 for\u0163e care consider\u0103 c\u0103, pe valul de rusofobie, vor reu\u015fi s\u0103 consolideze \u00een jurul lor masele largi ale poten\u021bialilor aleg\u0103tori \u2013 aceasta este o logic\u0103 absolut gre\u0219it\u0103, care nu are perspective\u201d.<\/p>\n<p>&#8220;\u00cen acela\u0219i timp, un anumit optimism este determinat de faptul c\u0103 cererea pentru limba rus\u0103 \u00een fostele republici sovietice se men\u0163ine. Limba rus\u0103 este nu numai limb\u0103 de comunicare interetnic\u0103, ci \u0219i limba natal\u0103 a milioane de cet\u0103\u021beni care tr\u0103iesc \u00een aceste republici. Prin urmare, este pu\u021bin probabil ca orice \u00eencercare de a \u201ecur\u0103\u021ba limba\u201d s\u0103 aib\u0103 succes\u201d, a concluzionat Grigorii Karasin.<\/p>\n<p>Sursa:\u00a0<a href=\"http:\/\/www.infotag.md\/rebelion-ro\/267836\/\">http:\/\/www.infotag.md\/<\/a><\/p>\n","protected":false},"excerpt":{"rendered":"<p>Secretarul de stat, viceministrul Afacerilor Externe al Rusiei, Grigorii Karasin, consider\u0103 c\u0103 \u201etrebuie evitat\u0103 apari\u0163ia unor noi factori iritan\u0163i \u00eentre Chi\u015fin\u0103u \u015fi Tiraspol \u00een procesul de reglementare transnistrean\u0103\u201d. Potrivit agen\u0163iei INFOTAG, \u00eentr-un interviu pentru ziarul \u201eIzvestia\u201d, el a men\u0163ionat c\u0103 \u201e\u00een acest an, \u00een procesul de reglementare transnistrean\u0103 au fost atinse anumite evolu\u021bii pozitive; exist\u0103&#8230;<\/p>\n","protected":false},"author":2,"featured_media":0,"comment_status":"closed","ping_status":"open","sticky":false,"template":"","format":"standard","meta":[],"categories":[1],"tags":[],"_links":{"self":[{"href":"https:\/\/centers.ulbsibiu.ro\/ccsprise\/lact\/wp-json\/wp\/v2\/posts\/5453"}],"collection":[{"href":"https:\/\/centers.ulbsibiu.ro\/ccsprise\/lact\/wp-json\/wp\/v2\/posts"}],"about":[{"href":"https:\/\/centers.ulbsibiu.ro\/ccsprise\/lact\/wp-json\/wp\/v2\/types\/post"}],"author":[{"embeddable":true,"href":"https:\/\/centers.ulbsibiu.ro\/ccsprise\/lact\/wp-json\/wp\/v2\/users\/2"}],"replies":[{"embeddable":true,"href":"https:\/\/centers.ulbsibiu.ro\/ccsprise\/lact\/wp-json\/wp\/v2\/comments?post=5453"}],"version-history":[{"count":1,"href":"https:\/\/centers.ulbsibiu.ro\/ccsprise\/lact\/wp-json\/wp\/v2\/posts\/5453\/revisions"}],"predecessor-version":[{"id":5454,"href":"https:\/\/centers.ulbsibiu.ro\/ccsprise\/lact\/wp-json\/wp\/v2\/posts\/5453\/revisions\/5454"}],"wp:attachment":[{"href":"https:\/\/centers.ulbsibiu.ro\/ccsprise\/lact\/wp-json\/wp\/v2\/media?parent=5453"}],"wp:term":[{"taxonomy":"category","embeddable":true,"href":"https:\/\/centers.ulbsibiu.ro\/ccsprise\/lact\/wp-json\/wp\/v2\/categories?post=5453"},{"taxonomy":"post_tag","embeddable":true,"href":"https:\/\/centers.ulbsibiu.ro\/ccsprise\/lact\/wp-json\/wp\/v2\/tags?post=5453"}],"curies":[{"name":"wp","href":"https:\/\/api.w.org\/{rel}","templated":true}]}}